{"id":41250,"date":"2016-04-06T12:41:26","date_gmt":"2016-04-06T09:41:26","guid":{"rendered":"http:\/\/www.sana.sy\/es\/?p=41250"},"modified":"2016-04-06T18:46:24","modified_gmt":"2016-04-06T15:46:24","slug":"meqt-confirma-tener-pruebas-y-documentos-sobre-vinculos-entre-la-oposicion-de-riad-e-israel","status":"publish","type":"post","link":"https:\/\/archive.sana.sy\/es\/?p=41250","title":{"rendered":"Meqt confirma tener pruebas y documentos sobre v\u00ednculos entre la oposici\u00f3n de Riad e Israel"},"content":{"rendered":"<div style=\"text-align: justify\"><span lang=\"ES-TRAD\" style=\"color: #800000\">Quneitra, SANA<\/span><\/div>\n<div style=\"text-align: justify\"><span lang=\"ES-TRAD\">\u00a0<\/span><\/div>\n<div style=\"text-align: justify\"><span lang=\"ES-TRAD\">El decano de los presos sirios en las c\u00e1rceles de la ocupaci\u00f3n israel\u00ed, Sedky al Meqt, revel\u00f3 la existencia de una coordinaci\u00f3n directa entre la oposici\u00f3n siria externa patrocinada por Riad y las autoridades de la ocupaci\u00f3n israel\u00ed.<\/span><\/div>\n<div style=\"text-align: justify\"><span lang=\"ES-TRAD\">\u00a0<\/span><\/div>\n<div style=\"text-align: justify\"><span lang=\"ES-TRAD\">En una carta, al Meqt afirm\u00f3 tener pruebas y documentos irrefutables que demuestran la cooperaci\u00f3n entre la oposici\u00f3n patrocinada por Riad y las autoridades de ocupaci\u00f3n israel\u00edes, adem\u00e1s de sus visitas y reuniones con muchos de los l\u00edderes del r\u00e9gimen sionista.<\/span><\/div>\n<div style=\"text-align: justify\"><span lang=\"ES-TRAD\">\u00a0<\/span><\/div>\n<div style=\"text-align: justify\"><span lang=\"ES-TRAD\">Seg\u00fan al Meqt, los documentos muestran el apoyo israel\u00ed con armas a los terroristas del Frente al Nousra&#8221;, adem\u00e1s de proporcionar tratamiento a los terroristas heridos en los hospitales de la ocupaci\u00f3n israel\u00ed.<\/span><\/div>\n<div style=\"text-align: justify\"><span lang=\"ES-TRAD\">\u00a0<\/span><\/div>\n<div style=\"text-align: justify\"><span lang=\"ES-TRAD\">Es de destacar que las autoridades de ocupaci\u00f3n israel\u00edes hab\u00edan puesto en libertad en agosto del 2012 al prisionero al Meqt despu\u00e9s de 27 a\u00f1os en las c\u00e1rceles de Israel.<\/span><\/div>\n<div style=\"text-align: justify\"><\/div>\n<div style=\"text-align: justify\"><span style=\"color: #0000ff\">Fady M., Hala B.<\/span><\/div>\n","protected":false},"excerpt":{"rendered":"<p>Quneitra, SANA \u00a0 El decano de los presos sirios en las c\u00e1rceles de la ocupaci\u00f3n israel\u00ed, Sedky al Meqt, revel\u00f3 la existencia de una coordinaci\u00f3n directa entre la oposici\u00f3n siria externa patrocinada por Riad y las autoridades de la ocupaci\u00f3n israel\u00ed. \u00a0 En una carta, al Meqt afirm\u00f3 tener pruebas y documentos irrefutables que demuestran &hellip;<\/p>\n","protected":false},"author":1,"featured_media":41251,"comment_status":"closed","ping_status":"closed","sticky":false,"template":"","format":"standard","meta":{"footnotes":""},"categories":[477,597,476,576,7541],"tags":[8351],"class_list":["post-41250","post","type-post","status-publish","format-standard","has-post-thumbnail","","category-noticias-edulcorantes","category-cinta-de-noticias","category-locales","category-noticias-politicas","category-ultimas-noticias","tag-meqt-confirma-tener-pruebas-y-documentos-sobre-vinculos-entre-la-oposicion-de-riad-e-israel"],"_links":{"self":[{"href":"https:\/\/archive.sana.sy\/es\/index.php?rest_route=\/wp\/v2\/posts\/41250"}],"collection":[{"href":"https:\/\/archive.sana.sy\/es\/index.php?rest_route=\/wp\/v2\/posts"}],"about":[{"href":"https:\/\/archive.sana.sy\/es\/index.php?rest_route=\/wp\/v2\/types\/post"}],"author":[{"embeddable":true,"href":"https:\/\/archive.sana.sy\/es\/index.php?rest_route=\/wp\/v2\/users\/1"}],"replies":[{"embeddable":true,"href":"https:\/\/archive.sana.sy\/es\/index.php?rest_route=%2Fwp%2Fv2%2Fcomments&post=41250"}],"version-history":[{"count":0,"href":"https:\/\/archive.sana.sy\/es\/index.php?rest_route=\/wp\/v2\/posts\/41250\/revisions"}],"wp:featuredmedia":[{"embeddable":true,"href":"https:\/\/archive.sana.sy\/es\/index.php?rest_route=\/wp\/v2\/media\/41251"}],"wp:attachment":[{"href":"https:\/\/archive.sana.sy\/es\/index.php?rest_route=%2Fwp%2Fv2%2Fmedia&parent=41250"}],"wp:term":[{"taxonomy":"category","embeddable":true,"href":"https:\/\/archive.sana.sy\/es\/index.php?rest_route=%2Fwp%2Fv2%2Fcategories&post=41250"},{"taxonomy":"post_tag","embeddable":true,"href":"https:\/\/archive.sana.sy\/es\/index.php?rest_route=%2Fwp%2Fv2%2Ftags&post=41250"}],"curies":[{"name":"wp","href":"https:\/\/api.w.org\/{rel}","templated":true}]}}