{"id":41254,"date":"2016-04-06T13:19:36","date_gmt":"2016-04-06T10:19:36","guid":{"rendered":"http:\/\/www.sana.sy\/es\/?p=41254"},"modified":"2016-04-06T13:19:36","modified_gmt":"2016-04-06T10:19:36","slug":"ejercito-yemeni-controlan-zonas-estrategicas-en-bab-al-mandeb","status":"publish","type":"post","link":"https:\/\/archive.sana.sy\/es\/?p=41254","title":{"rendered":"Ej\u00e9rcito yemen\u00ed controlan zonas estrat\u00e9gicas en Bab al Mandeb"},"content":{"rendered":"<div style=\"text-align: justify\"><span lang=\"ES-TRAD\" style=\"color: #800000\">Sana, SANA<\/span><\/div>\n<div style=\"text-align: justify\"><span lang=\"ES-TRAD\">\u00a0<\/span><\/div>\n<div style=\"text-align: justify\"><span lang=\"ES-TRAD\">El Ej\u00e9rcito yemen\u00ed en cooperaci\u00f3n con los comit\u00e9s populares, tom\u00f3 el control de la posiciones estrat\u00e9gica de Shabaka, en el estrecho a la Bab al-Mandeb en la provincia de Taiz.<\/span><\/div>\n<div style=\"text-align: justify\"><span lang=\"ES-TRAD\">\u00a0<\/span><\/div>\n<div style=\"text-align: justify\"><span lang=\"ES-TRAD\">En el operativo n\u00famero mercenarios saud\u00edes fueron eliminados.<\/span><\/div>\n<div style=\"text-align: justify\"><span lang=\"ES-TRAD\">\u00a0<\/span><\/div>\n<div style=\"text-align: justify\"><span lang=\"ES-TRAD\">Por otra parte, han continuado los ataques a\u00e9reos del r\u00e9gimen de Arabia Saudita contra las provincias de Taiz y Haya, dejando da\u00f1os materiales.<\/span><\/div>\n<div style=\"text-align: justify\"><\/div>\n<div style=\"text-align: justify\"><span style=\"color: #0000ff\">Fady M., Hala B.<\/span><\/div>\n","protected":false},"excerpt":{"rendered":"<p>Sana, SANA \u00a0 El Ej\u00e9rcito yemen\u00ed en cooperaci\u00f3n con los comit\u00e9s populares, tom\u00f3 el control de la posiciones estrat\u00e9gica de Shabaka, en el estrecho a la Bab al-Mandeb en la provincia de Taiz. \u00a0 En el operativo n\u00famero mercenarios saud\u00edes fueron eliminados. \u00a0 Por otra parte, han continuado los ataques a\u00e9reos del r\u00e9gimen de Arabia &hellip;<\/p>\n","protected":false},"author":1,"featured_media":41255,"comment_status":"closed","ping_status":"closed","sticky":false,"template":"","format":"standard","meta":{"footnotes":""},"categories":[597,456,457,576],"tags":[8352],"class_list":["post-41254","post","type-post","status-publish","format-standard","has-post-thumbnail","","category-cinta-de-noticias","category-arabe-internacional-politica","category-noticias-arabe-internacional-politica","category-noticias-politicas","tag-ejercito-yemeni-controlan-zonas-estrategicas-en-bab-al-mandeb"],"_links":{"self":[{"href":"https:\/\/archive.sana.sy\/es\/index.php?rest_route=\/wp\/v2\/posts\/41254"}],"collection":[{"href":"https:\/\/archive.sana.sy\/es\/index.php?rest_route=\/wp\/v2\/posts"}],"about":[{"href":"https:\/\/archive.sana.sy\/es\/index.php?rest_route=\/wp\/v2\/types\/post"}],"author":[{"embeddable":true,"href":"https:\/\/archive.sana.sy\/es\/index.php?rest_route=\/wp\/v2\/users\/1"}],"replies":[{"embeddable":true,"href":"https:\/\/archive.sana.sy\/es\/index.php?rest_route=%2Fwp%2Fv2%2Fcomments&post=41254"}],"version-history":[{"count":0,"href":"https:\/\/archive.sana.sy\/es\/index.php?rest_route=\/wp\/v2\/posts\/41254\/revisions"}],"wp:featuredmedia":[{"embeddable":true,"href":"https:\/\/archive.sana.sy\/es\/index.php?rest_route=\/wp\/v2\/media\/41255"}],"wp:attachment":[{"href":"https:\/\/archive.sana.sy\/es\/index.php?rest_route=%2Fwp%2Fv2%2Fmedia&parent=41254"}],"wp:term":[{"taxonomy":"category","embeddable":true,"href":"https:\/\/archive.sana.sy\/es\/index.php?rest_route=%2Fwp%2Fv2%2Fcategories&post=41254"},{"taxonomy":"post_tag","embeddable":true,"href":"https:\/\/archive.sana.sy\/es\/index.php?rest_route=%2Fwp%2Fv2%2Ftags&post=41254"}],"curies":[{"name":"wp","href":"https:\/\/api.w.org\/{rel}","templated":true}]}}