{"id":41263,"date":"2016-04-06T16:19:12","date_gmt":"2016-04-06T13:19:12","guid":{"rendered":"http:\/\/www.sana.sy\/es\/?p=41263"},"modified":"2016-04-07T19:29:04","modified_gmt":"2016-04-07T16:29:04","slug":"se-detiene-hoy-el-miercoles-el-recibo-de-las-solicitudes-de-retirada-de-las-elecciones-legislativos","status":"publish","type":"post","link":"https:\/\/archive.sana.sy\/es\/?p=41263","title":{"rendered":"Finaliza el plazo que permite retirada de los aspirantes de las elecciones legislativas"},"content":{"rendered":"<p><span style=\"color: #800000\">Damasco, SANA<\/span><\/p>\n<p>El presidente del Comit\u00e9 Judicial Superior Electoral, juez Hisham al-Shaar declar\u00f3 que los subcomit\u00e9s judiciales electorales en las provincias se abstienen hoy el mi\u00e9rcoles al fin de los horarios de trabajo de recibir las solicitudes de retirada de las elecciones .<\/p>\n<p>Seg\u00fan el art\u00edculo No. 44 el aspirante a los comicios parlamentarios tiene derecho a retirar su candidatura despu\u00e9s de haber sido aprobada por el subcomit\u00e9 electoral antes de al menos siete d\u00edas de la fecha de las elecciones.<\/p>\n<p>En declaraciones similares, el presidente del subcomit\u00e9 de Damasco, juez Arfan Adas se\u00f1al\u00f3 que las solicitudes de retirada presentadas por ante el subcomit\u00e9 han llegado a 650, destacando que a partir de ma\u00f1ana las listas de los candidatos ser\u00e1n definitivas, seg\u00fan la ley de las elecciones generales.<\/p>\n<p>Cabe destacar que las elecciones legislativas se celebrar\u00e1n el 13 del presente mes, seg\u00fan lo establecido por el decreto No. 63 para el a\u00f1o 2016.<\/p>\n<p>Lynn A.., Hala B.<\/p>\n","protected":false},"excerpt":{"rendered":"<p>Damasco, SANA El presidente del Comit\u00e9 Judicial Superior Electoral, juez Hisham al-Shaar declar\u00f3 que los subcomit\u00e9s judiciales electorales en las provincias se abstienen hoy el mi\u00e9rcoles al fin de los horarios de trabajo de recibir las solicitudes de retirada de las elecciones . Seg\u00fan el art\u00edculo No. 44 el aspirante a los comicios parlamentarios tiene &hellip;<\/p>\n","protected":false},"author":1,"featured_media":41264,"comment_status":"closed","ping_status":"closed","sticky":false,"template":"","format":"standard","meta":{"footnotes":""},"categories":[597,476,7541],"tags":[8355],"class_list":["post-41263","post","type-post","status-publish","format-standard","has-post-thumbnail","","category-cinta-de-noticias","category-locales","category-ultimas-noticias","tag-se-detiene-hoy-el-miercoles-el-recibo-de-las-solicitudes-de-retirada-de-las-elecciones-legislativos"],"_links":{"self":[{"href":"https:\/\/archive.sana.sy\/es\/index.php?rest_route=\/wp\/v2\/posts\/41263"}],"collection":[{"href":"https:\/\/archive.sana.sy\/es\/index.php?rest_route=\/wp\/v2\/posts"}],"about":[{"href":"https:\/\/archive.sana.sy\/es\/index.php?rest_route=\/wp\/v2\/types\/post"}],"author":[{"embeddable":true,"href":"https:\/\/archive.sana.sy\/es\/index.php?rest_route=\/wp\/v2\/users\/1"}],"replies":[{"embeddable":true,"href":"https:\/\/archive.sana.sy\/es\/index.php?rest_route=%2Fwp%2Fv2%2Fcomments&post=41263"}],"version-history":[{"count":0,"href":"https:\/\/archive.sana.sy\/es\/index.php?rest_route=\/wp\/v2\/posts\/41263\/revisions"}],"wp:featuredmedia":[{"embeddable":true,"href":"https:\/\/archive.sana.sy\/es\/index.php?rest_route=\/wp\/v2\/media\/41264"}],"wp:attachment":[{"href":"https:\/\/archive.sana.sy\/es\/index.php?rest_route=%2Fwp%2Fv2%2Fmedia&parent=41263"}],"wp:term":[{"taxonomy":"category","embeddable":true,"href":"https:\/\/archive.sana.sy\/es\/index.php?rest_route=%2Fwp%2Fv2%2Fcategories&post=41263"},{"taxonomy":"post_tag","embeddable":true,"href":"https:\/\/archive.sana.sy\/es\/index.php?rest_route=%2Fwp%2Fv2%2Ftags&post=41263"}],"curies":[{"name":"wp","href":"https:\/\/api.w.org\/{rel}","templated":true}]}}