{"id":41404,"date":"2016-04-09T13:06:56","date_gmt":"2016-04-09T10:06:56","guid":{"rendered":"http:\/\/www.sana.sy\/es\/?p=41404"},"modified":"2016-04-09T19:34:32","modified_gmt":"2016-04-09T16:34:32","slug":"corea-del-norte-prueba-un-nuevo-motor-de-misil-intercontinental","status":"publish","type":"post","link":"https:\/\/archive.sana.sy\/es\/?p=41404","title":{"rendered":"Corea del Norte prueba un nuevo motor de misil intercontinental"},"content":{"rendered":"<p><span style=\"color: #800000\">Pyongyang, SANA<\/span><\/p>\n<p style=\"text-align: justify\">Corea del Norte anunci\u00f3 este viernes que las pruebas del motor de su misil bal\u00edstico intercontinental han sido un \u00e9xito.<\/p>\n<p style=\"text-align: justify\">El ensayo se realiz\u00f3 en el pol\u00edgono industrial de Sohae, en el norte de Pyongyang bajo la supervisi\u00f3n del l\u00edder norcoreano, Kim Jong-un, que consider\u00f3 la prueba como un &#8220;\u00e9xito&#8221; y asegur\u00f3 que &#8220;garantiza el acceso a una nueva clase de ataque nuclear contra los imperialistas norteamericanos y otras fuerzas hostiles&#8221;.<\/p>\n<p style=\"text-align: justify\">Durante las \u00faltimas semanas, Kim Jong-un supervis\u00f3 varias pruebas relacionadas con los sistemas de defensa de misiles norcoreanos.<\/p>\n<p style=\"text-align: justify\">\n<p>Fady M., Lynn A.<\/p>\n","protected":false},"excerpt":{"rendered":"<p>Pyongyang, SANA Corea del Norte anunci\u00f3 este viernes que las pruebas del motor de su misil bal\u00edstico intercontinental han sido un \u00e9xito. El ensayo se realiz\u00f3 en el pol\u00edgono industrial de Sohae, en el norte de Pyongyang bajo la supervisi\u00f3n del l\u00edder norcoreano, Kim Jong-un, que consider\u00f3 la prueba como un &#8220;\u00e9xito&#8221; y asegur\u00f3 que &hellip;<\/p>\n","protected":false},"author":24,"featured_media":41405,"comment_status":"closed","ping_status":"closed","sticky":false,"template":"","format":"standard","meta":{"footnotes":""},"categories":[456,457],"tags":[],"class_list":["post-41404","post","type-post","status-publish","format-standard","has-post-thumbnail","","category-arabe-internacional-politica","category-noticias-arabe-internacional-politica"],"_links":{"self":[{"href":"https:\/\/archive.sana.sy\/es\/index.php?rest_route=\/wp\/v2\/posts\/41404"}],"collection":[{"href":"https:\/\/archive.sana.sy\/es\/index.php?rest_route=\/wp\/v2\/posts"}],"about":[{"href":"https:\/\/archive.sana.sy\/es\/index.php?rest_route=\/wp\/v2\/types\/post"}],"author":[{"embeddable":true,"href":"https:\/\/archive.sana.sy\/es\/index.php?rest_route=\/wp\/v2\/users\/24"}],"replies":[{"embeddable":true,"href":"https:\/\/archive.sana.sy\/es\/index.php?rest_route=%2Fwp%2Fv2%2Fcomments&post=41404"}],"version-history":[{"count":0,"href":"https:\/\/archive.sana.sy\/es\/index.php?rest_route=\/wp\/v2\/posts\/41404\/revisions"}],"wp:featuredmedia":[{"embeddable":true,"href":"https:\/\/archive.sana.sy\/es\/index.php?rest_route=\/wp\/v2\/media\/41405"}],"wp:attachment":[{"href":"https:\/\/archive.sana.sy\/es\/index.php?rest_route=%2Fwp%2Fv2%2Fmedia&parent=41404"}],"wp:term":[{"taxonomy":"category","embeddable":true,"href":"https:\/\/archive.sana.sy\/es\/index.php?rest_route=%2Fwp%2Fv2%2Fcategories&post=41404"},{"taxonomy":"post_tag","embeddable":true,"href":"https:\/\/archive.sana.sy\/es\/index.php?rest_route=%2Fwp%2Fv2%2Ftags&post=41404"}],"curies":[{"name":"wp","href":"https:\/\/api.w.org\/{rel}","templated":true}]}}