{"id":41430,"date":"2016-04-09T16:27:06","date_gmt":"2016-04-09T13:27:06","guid":{"rendered":"http:\/\/www.sana.sy\/es\/?p=41430"},"modified":"2016-04-09T19:35:42","modified_gmt":"2016-04-09T16:35:42","slug":"mueren-seis-ninos-tras-estallido-de-una-mina-abandonada-por-los-terroristas-del-ei-en-el-campo-de-alepo","status":"publish","type":"post","link":"https:\/\/archive.sana.sy\/es\/?p=41430","title":{"rendered":"Mueren seis ni\u00f1os tras estallido de una mina abandonada por los terroristas del EI en el campo de Alepo"},"content":{"rendered":"<p><span style=\"color: #800000\">Alepo, SANA<\/span><\/p>\n<p style=\"text-align: justify\">Seis ni\u00f1os perdieron la vida y otros resultaron heridos ayer el\u00a0viernes\u00a0tras la explosi\u00f3n de una mina terrestre abandonada por los terroristas del Estado Isl\u00e1mico en el pueblo de Darb Hassan en el campo norte\u00f1o de Alepo, seg\u00fan informaron fuentes locales.<\/p>\n<p style=\"text-align: justify\">Las fuentes se\u00f1alaron que la mina estall\u00f3 cerca de un grupo de ni\u00f1o en el susodicho pueblo ubicado en la frontera administrativa entre los campos norte de Alepo y Raqqa.<\/p>\n<p style=\"text-align: justify\">Es de se\u00f1alar que los terroristas del EI proceden a sembrar las minas y los artefactos explosivos en\u00a0las zonas de donde se escapan para impedir a los civiles volver a sus hogares.<\/p>\n<p>Lynn A.<\/p>\n","protected":false},"excerpt":{"rendered":"<p>Alepo, SANA Seis ni\u00f1os perdieron la vida y otros resultaron heridos ayer el\u00a0viernes\u00a0tras la explosi\u00f3n de una mina terrestre abandonada por los terroristas del Estado Isl\u00e1mico en el pueblo de Darb Hassan en el campo norte\u00f1o de Alepo, seg\u00fan informaron fuentes locales. Las fuentes se\u00f1alaron que la mina estall\u00f3 cerca de un grupo de ni\u00f1o &hellip;<\/p>\n","protected":false},"author":24,"featured_media":41461,"comment_status":"closed","ping_status":"closed","sticky":false,"template":"","format":"standard","meta":{"footnotes":""},"categories":[597,573,7541],"tags":[],"class_list":["post-41430","post","type-post","status-publish","format-standard","has-post-thumbnail","","category-cinta-de-noticias","category-la-realidad-de-los-acontecimientos-en-siria","category-ultimas-noticias"],"_links":{"self":[{"href":"https:\/\/archive.sana.sy\/es\/index.php?rest_route=\/wp\/v2\/posts\/41430"}],"collection":[{"href":"https:\/\/archive.sana.sy\/es\/index.php?rest_route=\/wp\/v2\/posts"}],"about":[{"href":"https:\/\/archive.sana.sy\/es\/index.php?rest_route=\/wp\/v2\/types\/post"}],"author":[{"embeddable":true,"href":"https:\/\/archive.sana.sy\/es\/index.php?rest_route=\/wp\/v2\/users\/24"}],"replies":[{"embeddable":true,"href":"https:\/\/archive.sana.sy\/es\/index.php?rest_route=%2Fwp%2Fv2%2Fcomments&post=41430"}],"version-history":[{"count":0,"href":"https:\/\/archive.sana.sy\/es\/index.php?rest_route=\/wp\/v2\/posts\/41430\/revisions"}],"wp:featuredmedia":[{"embeddable":true,"href":"https:\/\/archive.sana.sy\/es\/index.php?rest_route=\/wp\/v2\/media\/41461"}],"wp:attachment":[{"href":"https:\/\/archive.sana.sy\/es\/index.php?rest_route=%2Fwp%2Fv2%2Fmedia&parent=41430"}],"wp:term":[{"taxonomy":"category","embeddable":true,"href":"https:\/\/archive.sana.sy\/es\/index.php?rest_route=%2Fwp%2Fv2%2Fcategories&post=41430"},{"taxonomy":"post_tag","embeddable":true,"href":"https:\/\/archive.sana.sy\/es\/index.php?rest_route=%2Fwp%2Fv2%2Ftags&post=41430"}],"curies":[{"name":"wp","href":"https:\/\/api.w.org\/{rel}","templated":true}]}}