{"id":41467,"date":"2016-04-09T21:02:27","date_gmt":"2016-04-09T18:02:27","guid":{"rendered":"http:\/\/sana.sy\/es\/?p=41467"},"modified":"2016-04-09T21:02:27","modified_gmt":"2016-04-09T18:02:27","slug":"cinco-civiles-mueren-en-yemen-tras-ataques-a-sauditas","status":"publish","type":"post","link":"https:\/\/archive.sana.sy\/es\/?p=41467","title":{"rendered":"Cinco civiles mueren en Yemen tras ataques a sauditas"},"content":{"rendered":"<p style=\"text-align: justify\"><span style=\"color: #800000\">San\u00e1, SANA<\/span>\u2013 Cinco civiles yemen\u00edes murieron en un ataque saudita contra los barrios norte\u00f1os de la provincia de Taiz en el sur del pa\u00eds \u00e1rabe.<\/p>\n<p style=\"text-align: justify\">De acuerdo con la agencia yemen\u00ed \u201cSabanews\u201d cazaos de combate del r\u00e9gimen saudita lanzaron un serie de incursiones militares contra la zona de al-Dabbab en la provincia de Taiz, donde 5 civiles, entre ellos tres mujeres y un ni\u00f1o de una misma familia, perdieron la vida y otros civiles resultaron heridos, adem\u00e1s de provocar grandes p\u00e9rdidas materiales en la zona.<\/p>\n<p style=\"text-align: justify\">En el mismo contexto, la aviaci\u00f3n militar saudita bombarde\u00f3 tambi\u00e9n los barrios occidentales de la provincia de Taiz causando provocando inmensas destrucciones en las infraestructuras yemen\u00edes, agreg\u00f3 la fuente.<\/p>\n<p style=\"text-align: justify\">\nM.Miri<\/p>\n","protected":false},"excerpt":{"rendered":"<p>San\u00e1, SANA\u2013 Cinco civiles yemen\u00edes murieron en un ataque saudita contra los barrios norte\u00f1os de la provincia de Taiz en el sur del pa\u00eds \u00e1rabe. De acuerdo con la agencia yemen\u00ed \u201cSabanews\u201d cazaos de combate del r\u00e9gimen saudita lanzaron un serie de incursiones militares contra la zona de al-Dabbab en la provincia de Taiz, donde &hellip;<\/p>\n","protected":false},"author":1,"featured_media":41468,"comment_status":"closed","ping_status":"closed","sticky":false,"template":"","format":"standard","meta":{"footnotes":""},"categories":[456,457],"tags":[8367],"class_list":["post-41467","post","type-post","status-publish","format-standard","has-post-thumbnail","","category-arabe-internacional-politica","category-noticias-arabe-internacional-politica","tag-cinco-civiles-mueren-en-yemen-tras-ataques-a-sauditas"],"_links":{"self":[{"href":"https:\/\/archive.sana.sy\/es\/index.php?rest_route=\/wp\/v2\/posts\/41467"}],"collection":[{"href":"https:\/\/archive.sana.sy\/es\/index.php?rest_route=\/wp\/v2\/posts"}],"about":[{"href":"https:\/\/archive.sana.sy\/es\/index.php?rest_route=\/wp\/v2\/types\/post"}],"author":[{"embeddable":true,"href":"https:\/\/archive.sana.sy\/es\/index.php?rest_route=\/wp\/v2\/users\/1"}],"replies":[{"embeddable":true,"href":"https:\/\/archive.sana.sy\/es\/index.php?rest_route=%2Fwp%2Fv2%2Fcomments&post=41467"}],"version-history":[{"count":0,"href":"https:\/\/archive.sana.sy\/es\/index.php?rest_route=\/wp\/v2\/posts\/41467\/revisions"}],"wp:featuredmedia":[{"embeddable":true,"href":"https:\/\/archive.sana.sy\/es\/index.php?rest_route=\/wp\/v2\/media\/41468"}],"wp:attachment":[{"href":"https:\/\/archive.sana.sy\/es\/index.php?rest_route=%2Fwp%2Fv2%2Fmedia&parent=41467"}],"wp:term":[{"taxonomy":"category","embeddable":true,"href":"https:\/\/archive.sana.sy\/es\/index.php?rest_route=%2Fwp%2Fv2%2Fcategories&post=41467"},{"taxonomy":"post_tag","embeddable":true,"href":"https:\/\/archive.sana.sy\/es\/index.php?rest_route=%2Fwp%2Fv2%2Ftags&post=41467"}],"curies":[{"name":"wp","href":"https:\/\/api.w.org\/{rel}","templated":true}]}}