{"id":41473,"date":"2016-04-09T21:26:10","date_gmt":"2016-04-09T18:26:10","guid":{"rendered":"http:\/\/sana.sy\/es\/?p=41473"},"modified":"2016-04-09T21:27:05","modified_gmt":"2016-04-09T18:27:05","slug":"hallan-piezas-robadas-del-museo-nacional-de-palmira","status":"publish","type":"post","link":"https:\/\/archive.sana.sy\/es\/?p=41473","title":{"rendered":"Hallan piezas robadas del Museo Nacional de Palmira"},"content":{"rendered":"<p style=\"text-align: justify\"><span style=\"color: #800000\">Homs, SANA<\/span>&#8211; Las autoridades competentes han encontrado\u00a0\u00a0en la ciudad de \u00a0Palmira a cinco \u00a0artefactos arqueol\u00f3gicos que fueron robados del Museo Nacional de Palmira a manos de la organizaci\u00f3n terroristas &#8220;Daesh&#8221;.<\/p>\n<p style=\"text-align: justify\">Una fuente local le inform\u00f3 al corresponsal de SANA que se encontraron las piezas enterradas dentro de una casa en el \u00e1rea de al-Maalef en Palmira, y que ser\u00e1n entregados a la Direcci\u00f3n General de Antig\u00fcedades y Museos (DGAM).<\/p>\n<p style=\"text-align: justify\"><a href=\"http:\/\/sana.sy\/es\/?attachment_id=41475\" rel=\"attachment wp-att-41475\"><img loading=\"lazy\" decoding=\"async\" class=\"alignnone size-full wp-image-41475\" src=\"http:\/\/sana.sy\/es\/wp-content\/uploads\/2016\/04\/artifacts-2-150x150.jpg\" alt=\"artifacts-2-150x150\" width=\"150\" height=\"150\" \/><\/a>\u00a0<a href=\"http:\/\/sana.sy\/es\/?attachment_id=41476\" rel=\"attachment wp-att-41476\"><img loading=\"lazy\" decoding=\"async\" class=\"alignnone size-full wp-image-41476\" src=\"http:\/\/sana.sy\/es\/wp-content\/uploads\/2016\/04\/artifacts-3-150x150.jpg\" alt=\"artifacts-3-150x150\" width=\"150\" height=\"150\" \/><\/a><\/p>\n<p style=\"text-align: justify\">M.Miri<\/p>\n","protected":false},"excerpt":{"rendered":"<p>Homs, SANA&#8211; Las autoridades competentes han encontrado\u00a0\u00a0en la ciudad de \u00a0Palmira a cinco \u00a0artefactos arqueol\u00f3gicos que fueron robados del Museo Nacional de Palmira a manos de la organizaci\u00f3n terroristas &#8220;Daesh&#8221;. Una fuente local le inform\u00f3 al corresponsal de SANA que se encontraron las piezas enterradas dentro de una casa en el \u00e1rea de al-Maalef en &hellip;<\/p>\n","protected":false},"author":1,"featured_media":41474,"comment_status":"closed","ping_status":"closed","sticky":false,"template":"","format":"standard","meta":{"footnotes":""},"categories":[477,476,7541],"tags":[8369],"class_list":["post-41473","post","type-post","status-publish","format-standard","has-post-thumbnail","","category-noticias-edulcorantes","category-locales","category-ultimas-noticias","tag-hallan-piezas-robadas-del-museo-nacional-de-palmira"],"_links":{"self":[{"href":"https:\/\/archive.sana.sy\/es\/index.php?rest_route=\/wp\/v2\/posts\/41473"}],"collection":[{"href":"https:\/\/archive.sana.sy\/es\/index.php?rest_route=\/wp\/v2\/posts"}],"about":[{"href":"https:\/\/archive.sana.sy\/es\/index.php?rest_route=\/wp\/v2\/types\/post"}],"author":[{"embeddable":true,"href":"https:\/\/archive.sana.sy\/es\/index.php?rest_route=\/wp\/v2\/users\/1"}],"replies":[{"embeddable":true,"href":"https:\/\/archive.sana.sy\/es\/index.php?rest_route=%2Fwp%2Fv2%2Fcomments&post=41473"}],"version-history":[{"count":0,"href":"https:\/\/archive.sana.sy\/es\/index.php?rest_route=\/wp\/v2\/posts\/41473\/revisions"}],"wp:featuredmedia":[{"embeddable":true,"href":"https:\/\/archive.sana.sy\/es\/index.php?rest_route=\/wp\/v2\/media\/41474"}],"wp:attachment":[{"href":"https:\/\/archive.sana.sy\/es\/index.php?rest_route=%2Fwp%2Fv2%2Fmedia&parent=41473"}],"wp:term":[{"taxonomy":"category","embeddable":true,"href":"https:\/\/archive.sana.sy\/es\/index.php?rest_route=%2Fwp%2Fv2%2Fcategories&post=41473"},{"taxonomy":"post_tag","embeddable":true,"href":"https:\/\/archive.sana.sy\/es\/index.php?rest_route=%2Fwp%2Fv2%2Ftags&post=41473"}],"curies":[{"name":"wp","href":"https:\/\/api.w.org\/{rel}","templated":true}]}}