{"id":41512,"date":"2016-04-11T16:22:03","date_gmt":"2016-04-11T13:22:03","guid":{"rendered":"http:\/\/www.sana.sy\/es\/?p=41512"},"modified":"2016-04-11T16:53:33","modified_gmt":"2016-04-11T13:53:33","slug":"canciller-sirio-a-de-mistura-ratifica-disposicion-de-la-delegacion-oficial-de-siria-a-reanudar-el-dialogo-intersirio-a-partir-del-15-de-abril","status":"publish","type":"post","link":"https:\/\/archive.sana.sy\/es\/?p=41512","title":{"rendered":"Canciller sirio ratifica a De Mistura disposici\u00f3n de la delegaci\u00f3n oficial de Siria a reanudar el di\u00e1logo intersirio a partir del 15 de abril"},"content":{"rendered":"<p><span style=\"color: #800000\">Damasco, SANA<\/span><\/p>\n<p>El canciller sirio, Walid al-Moallem recibi\u00f3 este lunes al enviado especial de la ONU para Siria, Staffan de Mistura.<\/p>\n<p>De Mistura hizo una panor\u00e1mica sobre las ideas y los esfuerzos planteados para garantizar el \u00e9xito las conversaciones intersirias que se reanudar\u00e1n dentro de pocos d\u00edas en Ginebra, y el plan de acci\u00f3n de la pr\u00f3xima ronda, y agreg\u00f3 que la gira que est\u00e1 efectuando en la regi\u00f3n tiene por objetivo sostener consultas en este sentido.<\/p>\n<p>A su vez, el jefe de la diplomacia sirio ratific\u00f3 a De Mistura la postura siria hacia la soluci\u00f3n pol\u00edtica de la crisis y la adhesi\u00f3n al di\u00e1logo sirio bajo un liderazgo sirio y sin precondiciones.<\/p>\n<p>El Canciller al-Moallem manifest\u00f3 la disposici\u00f3n de la delegaci\u00f3n de la Rep\u00fablica \u00c1rabe Siria para reanudar el di\u00e1logo intesirio en Ginebra a partir del 15 del mes en curso debido a las pr\u00f3ximas elecciones parlamentarias que se celebrar\u00e1n pasado ma\u00f1ana.<\/p>\n<p>Asimismo recalc\u00f3 en el derecho del pueblo sirio a la autodeterminaci\u00f3n, asegurando que los sirios vencer\u00e1 no cabe duda, a las organizaciones terroristas del Estado Isl\u00e1mico y el Frente de al Nousra, entre otras, que siguen violando el acuerdo del cese de acciones de combate, bajo la petici\u00f3n de sus patrocinadores en Turqu\u00eda y Arabia Saudita, en aras de torpedera el di\u00e1logo intesirio en Ginebra, especialmente luego de las consecutivas victorias alcanzadas por el ej\u00e9rcito sirio en el terreno, sobre todo la liberaci\u00f3n de la ciudad hist\u00f3rica de Palmira y la de Qaryaten.<\/p>\n<p>Al-Moallem puso de relieve que el gobierno sirio continuar\u00e1 sus esfuerzos en materia de la lucha antiterrorista, as\u00ed como har\u00e1 todo lo posible para proteger a sus ciudadanos y garantizar el acceso de las ayudas humanitarias a los afectados en todas las zonas a fin de reducir el sufrimiento del pueblo sirio a consecuencia del terrorismo y las injustas sanciones econ\u00f3micas impuestas por Occidente.<\/p>\n<p>La reuni\u00f3n cont\u00f3 con la presencia del vicecanciller, Faisal al-Miqdad, el embajador de Siria ante la ONU, Bashar al-Jaafari y el asesor del Canciller sirio, Ahmad Arnous.<\/p>\n<p><span style=\"color: #0000ff\">De Mistura a la prensa: debatimos los preparativos de la pr\u00f3xima ronda del di\u00e1logo intersirio<\/span><\/p>\n<p>En declaraciones a la prensa, De Mistura revel\u00f3 que su reuni\u00f3n con el Canciller sirio tuvo como objetivo debatir los preparativos de la pr\u00f3xima ronda de las conversaciones intersirias que tendr\u00e1 lugar el 13 de abril en Ginebra despu\u00e9s de su regreso de la gira regional que est\u00e1 realizando en la regi\u00f3n.<\/p>\n<p><img loading=\"lazy\" decoding=\"async\" class=\"size-medium wp-image-41531 alignleft\" src=\"http:\/\/www.sana.sy\/es\/wp-content\/uploads\/2016\/04\/De-Mistura-prensa-300x168.jpg\" alt=\"De Mistura- prensa\" width=\"300\" height=\"168\" srcset=\"https:\/\/archive.sana.sy\/es\/wp-content\/uploads\/2016\/04\/De-Mistura-prensa.jpg 300w, https:\/\/archive.sana.sy\/es\/wp-content\/uploads\/2016\/04\/De-Mistura-prensa-150x84.jpg 150w\" sizes=\"(max-width: 300px) 100vw, 300px\" \/><\/p>\n<p>\u201cHemos abordado tambi\u00e9n el tema de acceso de ayuda humanitaria y su incremento en todas las zonas asediadas\u201d, agreg\u00f3.<\/p>\n<p>En la reuni\u00f3n se se\u00f1al\u00f3 la necesidad de mantener, fortalecer y respaldar el acuerdo del cese de acci\u00f3n de combate que \u201ctiene un car\u00e1cter fr\u00e1gil pero permanente\u201d, resalt\u00f3, aludiendo a la importancia de contener algunos hechos para garantizar la continuidad de la tregua.<\/p>\n<p>En cuanto a la participaci\u00f3n de los sirios-kurdos en las conversaciones intersirias de Ginebra, el enviado especial de la ONU dijo que \u201clos kurdos est\u00e1n presentes en varias delegaciones\u201d.<\/p>\n<p>&nbsp;<\/p>\n<p>&nbsp;<\/p>\n<p>Lynn A.<\/p>\n","protected":false},"excerpt":{"rendered":"<p>Damasco, SANA El canciller sirio, Walid al-Moallem recibi\u00f3 este lunes al enviado especial de la ONU para Siria, Staffan de Mistura. De Mistura hizo una panor\u00e1mica sobre las ideas y los esfuerzos planteados para garantizar el \u00e9xito las conversaciones intersirias que se reanudar\u00e1n dentro de pocos d\u00edas en Ginebra, y el plan de acci\u00f3n de &hellip;<\/p>\n","protected":false},"author":24,"featured_media":41513,"comment_status":"closed","ping_status":"closed","sticky":false,"template":"","format":"standard","meta":{"footnotes":""},"categories":[477,597,476,583,7541],"tags":[],"class_list":["post-41512","post","type-post","status-publish","format-standard","has-post-thumbnail","","category-noticias-edulcorantes","category-cinta-de-noticias","category-locales","category-slide","category-ultimas-noticias"],"_links":{"self":[{"href":"https:\/\/archive.sana.sy\/es\/index.php?rest_route=\/wp\/v2\/posts\/41512"}],"collection":[{"href":"https:\/\/archive.sana.sy\/es\/index.php?rest_route=\/wp\/v2\/posts"}],"about":[{"href":"https:\/\/archive.sana.sy\/es\/index.php?rest_route=\/wp\/v2\/types\/post"}],"author":[{"embeddable":true,"href":"https:\/\/archive.sana.sy\/es\/index.php?rest_route=\/wp\/v2\/users\/24"}],"replies":[{"embeddable":true,"href":"https:\/\/archive.sana.sy\/es\/index.php?rest_route=%2Fwp%2Fv2%2Fcomments&post=41512"}],"version-history":[{"count":0,"href":"https:\/\/archive.sana.sy\/es\/index.php?rest_route=\/wp\/v2\/posts\/41512\/revisions"}],"wp:featuredmedia":[{"embeddable":true,"href":"https:\/\/archive.sana.sy\/es\/index.php?rest_route=\/wp\/v2\/media\/41513"}],"wp:attachment":[{"href":"https:\/\/archive.sana.sy\/es\/index.php?rest_route=%2Fwp%2Fv2%2Fmedia&parent=41512"}],"wp:term":[{"taxonomy":"category","embeddable":true,"href":"https:\/\/archive.sana.sy\/es\/index.php?rest_route=%2Fwp%2Fv2%2Fcategories&post=41512"},{"taxonomy":"post_tag","embeddable":true,"href":"https:\/\/archive.sana.sy\/es\/index.php?rest_route=%2Fwp%2Fv2%2Ftags&post=41512"}],"curies":[{"name":"wp","href":"https:\/\/api.w.org\/{rel}","templated":true}]}}