{"id":41522,"date":"2016-04-11T16:20:33","date_gmt":"2016-04-11T13:20:33","guid":{"rendered":"http:\/\/www.sana.sy\/es\/?p=41522"},"modified":"2016-04-11T16:20:33","modified_gmt":"2016-04-11T13:20:33","slug":"obama-admite-que-su-peor-error-fue-el-ataque-a-libia","status":"publish","type":"post","link":"https:\/\/archive.sana.sy\/es\/?p=41522","title":{"rendered":"Obama admite que su peor error fue el ataque a Libia"},"content":{"rendered":"<p><span style=\"color: #800000\">Washington, SANA<\/span><\/p>\n<p>El presidente de EEUU, Barack Obama, declar\u00f3 en una entrevista con la televisi\u00f3n FOX News, que el ataque contra Libia fue su peor error.<br \/>\nAl contestar a la pregunta sobre su peor error, Obama indic\u00f3 que &#8220;probablemente fue no planear el d\u00eda siguiente de lo que consider\u00e9 como la decisi\u00f3n correcta de intervenir en Libia&#8221;.<\/p>\n<p>Asimismo coment\u00f3 sobre la pol\u00edtica exterior de EEUU, diciendo: &#8220;a veces, tuvimos argumentos y a veces cometimos errores&#8221;.<\/p>\n<p>El jefe del Comit\u00e9 para Asuntos Internacionales de la Duma de Estado de Rusia, Alex\u00e9i Pushkov, coment\u00f3 la declaraci\u00f3n de Obama sobre Libia.<br \/>\n&#8220;Si la guerra en Libia fue el mayor error de la administraci\u00f3n de Obama, \u00bfcon qu\u00e9 derecho Hillary Clinton que exigi\u00f3 esta guerra puede ocupar la Casa Blanca?&#8221;, tuite\u00f3 Pushkov.<\/p>\n<p>En cuanto a su mayor logro, Obama se\u00f1al\u00f3 que cree que fueron las medidas que tom\u00f3 justo despu\u00e9s de asumir el cargo tras la recesi\u00f3n de 2008, &#8220;salvando la econom\u00eda de la gran depresi\u00f3n&#8221;.<\/p>\n<p>&nbsp;<\/p>\n<p>&nbsp;<\/p>\n<p>Fady M., Lynn A.<\/p>\n","protected":false},"excerpt":{"rendered":"<p>Washington, SANA El presidente de EEUU, Barack Obama, declar\u00f3 en una entrevista con la televisi\u00f3n FOX News, que el ataque contra Libia fue su peor error. Al contestar a la pregunta sobre su peor error, Obama indic\u00f3 que &#8220;probablemente fue no planear el d\u00eda siguiente de lo que consider\u00e9 como la decisi\u00f3n correcta de intervenir &hellip;<\/p>\n","protected":false},"author":24,"featured_media":6588,"comment_status":"closed","ping_status":"closed","sticky":false,"template":"","format":"standard","meta":{"footnotes":""},"categories":[456,457],"tags":[],"class_list":["post-41522","post","type-post","status-publish","format-standard","has-post-thumbnail","","category-arabe-internacional-politica","category-noticias-arabe-internacional-politica"],"_links":{"self":[{"href":"https:\/\/archive.sana.sy\/es\/index.php?rest_route=\/wp\/v2\/posts\/41522"}],"collection":[{"href":"https:\/\/archive.sana.sy\/es\/index.php?rest_route=\/wp\/v2\/posts"}],"about":[{"href":"https:\/\/archive.sana.sy\/es\/index.php?rest_route=\/wp\/v2\/types\/post"}],"author":[{"embeddable":true,"href":"https:\/\/archive.sana.sy\/es\/index.php?rest_route=\/wp\/v2\/users\/24"}],"replies":[{"embeddable":true,"href":"https:\/\/archive.sana.sy\/es\/index.php?rest_route=%2Fwp%2Fv2%2Fcomments&post=41522"}],"version-history":[{"count":0,"href":"https:\/\/archive.sana.sy\/es\/index.php?rest_route=\/wp\/v2\/posts\/41522\/revisions"}],"wp:featuredmedia":[{"embeddable":true,"href":"https:\/\/archive.sana.sy\/es\/index.php?rest_route=\/wp\/v2\/media\/6588"}],"wp:attachment":[{"href":"https:\/\/archive.sana.sy\/es\/index.php?rest_route=%2Fwp%2Fv2%2Fmedia&parent=41522"}],"wp:term":[{"taxonomy":"category","embeddable":true,"href":"https:\/\/archive.sana.sy\/es\/index.php?rest_route=%2Fwp%2Fv2%2Fcategories&post=41522"},{"taxonomy":"post_tag","embeddable":true,"href":"https:\/\/archive.sana.sy\/es\/index.php?rest_route=%2Fwp%2Fv2%2Ftags&post=41522"}],"curies":[{"name":"wp","href":"https:\/\/api.w.org\/{rel}","templated":true}]}}