{"id":41559,"date":"2016-04-12T12:15:43","date_gmt":"2016-04-12T09:15:43","guid":{"rendered":"http:\/\/www.sana.sy\/es\/?p=41559"},"modified":"2016-04-12T12:15:43","modified_gmt":"2016-04-12T09:15:43","slug":"helicoptero-militar-ruso-se-estrella-en-siria-y-mueren-los-dos-pilotos","status":"publish","type":"post","link":"https:\/\/archive.sana.sy\/es\/?p=41559","title":{"rendered":"Helic\u00f3ptero militar ruso se estrella en Siria y mueren los dos pilotos"},"content":{"rendered":"<div style=\"text-align: justify\"><span lang=\"ES-TRAD\" style=\"color: #800000\">Mosc\u00fa, SANA<\/span><\/div>\n<div style=\"text-align: justify\"><span lang=\"ES-TRAD\">\u00a0<\/span><\/div>\n<div style=\"text-align: justify\"><span lang=\"ES-TRAD\">El Ministerio de Defensa de Rusia inform\u00f3 del estallido de un helic\u00f3ptero ruso cerca de la ciudad de Homs en el centro de Siria, y confirm\u00f3 la muerte de los dos pilotos que viajaban a bordo.<\/span><\/div>\n<div style=\"text-align: justify\"><span lang=\"ES-TRAD\">\u00a0<\/span><\/div>\n<div style=\"text-align: justify\"><span lang=\"ES-TRAD\">La informaci\u00f3n fue anunciada en un comunicado emitido por el servicio de prensa e informaci\u00f3n del Ministerio de Defensa de Rusia.<\/span><\/div>\n<div style=\"text-align: justify\"><span lang=\"ES-TRAD\">\u00a0<\/span><\/div>\n<div style=\"text-align: justify\"><span lang=\"ES-TRAD\">Seg\u00fan el comunicado, &#8220;los dos miembros de la tripulaci\u00f3n fallecieron; durante la misi\u00f3n de b\u00fasqueda y rescate los cuerpos de los pilotos fueron evacuados y se encuentran en la base Hmeymim&#8221;.<\/span><\/div>\n<div style=\"text-align: justify\"><\/div>\n<div style=\"text-align: justify\"><span style=\"color: #0000ff\">Fady M., Hala B.<\/span><\/div>\n","protected":false},"excerpt":{"rendered":"<p>Mosc\u00fa, SANA \u00a0 El Ministerio de Defensa de Rusia inform\u00f3 del estallido de un helic\u00f3ptero ruso cerca de la ciudad de Homs en el centro de Siria, y confirm\u00f3 la muerte de los dos pilotos que viajaban a bordo. \u00a0 La informaci\u00f3n fue anunciada en un comunicado emitido por el servicio de prensa e informaci\u00f3n &hellip;<\/p>\n","protected":false},"author":1,"featured_media":41560,"comment_status":"closed","ping_status":"closed","sticky":false,"template":"","format":"standard","meta":{"footnotes":""},"categories":[597,457,576,7541],"tags":[8374],"class_list":["post-41559","post","type-post","status-publish","format-standard","has-post-thumbnail","","category-cinta-de-noticias","category-noticias-arabe-internacional-politica","category-noticias-politicas","category-ultimas-noticias","tag-helicoptero-militar-ruso-se-estrella-en-siria-y-mueren-los-dos-pilotos"],"_links":{"self":[{"href":"https:\/\/archive.sana.sy\/es\/index.php?rest_route=\/wp\/v2\/posts\/41559"}],"collection":[{"href":"https:\/\/archive.sana.sy\/es\/index.php?rest_route=\/wp\/v2\/posts"}],"about":[{"href":"https:\/\/archive.sana.sy\/es\/index.php?rest_route=\/wp\/v2\/types\/post"}],"author":[{"embeddable":true,"href":"https:\/\/archive.sana.sy\/es\/index.php?rest_route=\/wp\/v2\/users\/1"}],"replies":[{"embeddable":true,"href":"https:\/\/archive.sana.sy\/es\/index.php?rest_route=%2Fwp%2Fv2%2Fcomments&post=41559"}],"version-history":[{"count":0,"href":"https:\/\/archive.sana.sy\/es\/index.php?rest_route=\/wp\/v2\/posts\/41559\/revisions"}],"wp:featuredmedia":[{"embeddable":true,"href":"https:\/\/archive.sana.sy\/es\/index.php?rest_route=\/wp\/v2\/media\/41560"}],"wp:attachment":[{"href":"https:\/\/archive.sana.sy\/es\/index.php?rest_route=%2Fwp%2Fv2%2Fmedia&parent=41559"}],"wp:term":[{"taxonomy":"category","embeddable":true,"href":"https:\/\/archive.sana.sy\/es\/index.php?rest_route=%2Fwp%2Fv2%2Fcategories&post=41559"},{"taxonomy":"post_tag","embeddable":true,"href":"https:\/\/archive.sana.sy\/es\/index.php?rest_route=%2Fwp%2Fv2%2Ftags&post=41559"}],"curies":[{"name":"wp","href":"https:\/\/api.w.org\/{rel}","templated":true}]}}