{"id":41578,"date":"2016-04-12T12:28:20","date_gmt":"2016-04-12T09:28:20","guid":{"rendered":"http:\/\/www.sana.sy\/es\/?p=41578"},"modified":"2016-04-12T12:28:20","modified_gmt":"2016-04-12T09:28:20","slug":"abdollahian-el-pueblo-sirio-es-el-que-decidira-su-propio-destino-sin-injerencia-externa","status":"publish","type":"post","link":"https:\/\/archive.sana.sy\/es\/?p=41578","title":{"rendered":"Abdollahian: el pueblo sirio es el que decidir\u00e1 su propio destino sin injerencia externa"},"content":{"rendered":"<div style=\"text-align: justify\"><span lang=\"ES-TRAD\" style=\"color: #800000\">Teher\u00e1n, SANA<\/span><\/div>\n<div style=\"text-align: justify\"><span lang=\"ES-TRAD\">\u00a0<\/span><\/div>\n<div style=\"text-align: justify\"><span lang=\"ES-TRAD\">El viceministro iran\u00ed para Asuntos \u00c1rabes y Africanos, Hossein Amir Abdollahian, reafirm\u00f3 que el pueblo sirio es el que decidir\u00e1 su propio destino sin injerencia externa.<\/span><\/div>\n<div style=\"text-align: justify\"><span lang=\"ES-TRAD\">\u00a0<\/span><\/div>\n<div style=\"text-align: justify\"><span lang=\"ES-TRAD\">Asimismo, destac\u00f3 la necesidad de respetar la soberan\u00eda nacional y la integridad territorial de los estados de la regi\u00f3n.<\/span><\/div>\n<div style=\"text-align: justify\"><span lang=\"ES-TRAD\">\u00a0<\/span><\/div>\n<div style=\"text-align: justify\"><span lang=\"ES-TRAD\">Durante su reuni\u00f3n con un grupo de \u00e9lites pol\u00edticas y sociales del Centro franc\u00e9s de investigaci\u00f3n cient\u00edfica, el vicecanciller iran\u00ed explic\u00f3 que la pol\u00edtica de Ir\u00e1n est\u00e1 basada en la cooperaci\u00f3n y la interacci\u00f3n con los pa\u00edses vecinos y en apoyar los esfuerzos internacionales para resolver la crisis en Siria para lograr la seguridad y la estabilidad en la pol\u00edtica de la regi\u00f3n.<\/span><\/div>\n<div style=\"text-align: justify\"><span lang=\"ES-TRAD\">\u00a0<\/span><\/div>\n<div style=\"text-align: justify\"><span lang=\"ES-TRAD\">Consider\u00f3 que las condiciones de inseguridad en algunas partes de Europa y la crisis de los refugiados es el resultado de las pol\u00edticas y procedimientos incorrectos de algunos pa\u00edses en el uso del terrorismo como instrumento para lograr sus agendas.<\/span><\/div>\n<div style=\"text-align: justify\"><\/div>\n<div style=\"text-align: justify\"><span style=\"color: #0000ff\">Fady M., Hala B.<\/span><\/div>\n<div class=\"yj6qo ajU\">\n<div id=\":y3\" class=\"ajR\" style=\"text-align: justify\"><img decoding=\"async\" class=\"ajT\" src=\"https:\/\/ssl.gstatic.com\/ui\/v1\/icons\/mail\/images\/cleardot.gif\" alt=\"\" \/><\/div>\n<\/div>\n","protected":false},"excerpt":{"rendered":"<p>Teher\u00e1n, SANA \u00a0 El viceministro iran\u00ed para Asuntos \u00c1rabes y Africanos, Hossein Amir Abdollahian, reafirm\u00f3 que el pueblo sirio es el que decidir\u00e1 su propio destino sin injerencia externa. \u00a0 Asimismo, destac\u00f3 la necesidad de respetar la soberan\u00eda nacional y la integridad territorial de los estados de la regi\u00f3n. \u00a0 Durante su reuni\u00f3n con un &hellip;<\/p>\n","protected":false},"author":1,"featured_media":41579,"comment_status":"closed","ping_status":"closed","sticky":false,"template":"","format":"standard","meta":{"footnotes":""},"categories":[597,456,457,576,7541],"tags":[8381],"class_list":["post-41578","post","type-post","status-publish","format-standard","has-post-thumbnail","","category-cinta-de-noticias","category-arabe-internacional-politica","category-noticias-arabe-internacional-politica","category-noticias-politicas","category-ultimas-noticias","tag-abdollahian-el-pueblo-sirio-es-el-que-decidira-su-propio-destino-sin-injerencia-externa"],"_links":{"self":[{"href":"https:\/\/archive.sana.sy\/es\/index.php?rest_route=\/wp\/v2\/posts\/41578"}],"collection":[{"href":"https:\/\/archive.sana.sy\/es\/index.php?rest_route=\/wp\/v2\/posts"}],"about":[{"href":"https:\/\/archive.sana.sy\/es\/index.php?rest_route=\/wp\/v2\/types\/post"}],"author":[{"embeddable":true,"href":"https:\/\/archive.sana.sy\/es\/index.php?rest_route=\/wp\/v2\/users\/1"}],"replies":[{"embeddable":true,"href":"https:\/\/archive.sana.sy\/es\/index.php?rest_route=%2Fwp%2Fv2%2Fcomments&post=41578"}],"version-history":[{"count":0,"href":"https:\/\/archive.sana.sy\/es\/index.php?rest_route=\/wp\/v2\/posts\/41578\/revisions"}],"wp:featuredmedia":[{"embeddable":true,"href":"https:\/\/archive.sana.sy\/es\/index.php?rest_route=\/wp\/v2\/media\/41579"}],"wp:attachment":[{"href":"https:\/\/archive.sana.sy\/es\/index.php?rest_route=%2Fwp%2Fv2%2Fmedia&parent=41578"}],"wp:term":[{"taxonomy":"category","embeddable":true,"href":"https:\/\/archive.sana.sy\/es\/index.php?rest_route=%2Fwp%2Fv2%2Fcategories&post=41578"},{"taxonomy":"post_tag","embeddable":true,"href":"https:\/\/archive.sana.sy\/es\/index.php?rest_route=%2Fwp%2Fv2%2Ftags&post=41578"}],"curies":[{"name":"wp","href":"https:\/\/api.w.org\/{rel}","templated":true}]}}