{"id":41581,"date":"2016-04-12T12:30:28","date_gmt":"2016-04-12T09:30:28","guid":{"rendered":"http:\/\/www.sana.sy\/es\/?p=41581"},"modified":"2016-04-12T12:30:28","modified_gmt":"2016-04-12T09:30:28","slug":"guardia-revolucionaria-inicia-masivas-maniobras-militares-en-sureste-de-iran","status":"publish","type":"post","link":"https:\/\/archive.sana.sy\/es\/?p=41581","title":{"rendered":"Guardia Revolucionaria inicia masivas maniobras militares en sureste de Ir\u00e1n"},"content":{"rendered":"<div style=\"text-align: justify\"><span lang=\"ES-TRAD\" style=\"color: #800000\">Teher\u00e1n, SANA<\/span><\/div>\n<div style=\"text-align: justify\"><span lang=\"ES-TRAD\">\u00a0<\/span><\/div>\n<div style=\"text-align: justify\"><span lang=\"ES-TRAD\">Las Fuerzas de Quds del Cuerpo de los Guardianes de la Revoluci\u00f3n Isl\u00e1mica anunciaron el arranque de las masivas maniobras del &#8220;Gran Profeta&#8221;.<\/span><\/div>\n<div style=\"text-align: justify\"><span lang=\"ES-TRAD\">\u00a0<\/span><\/div>\n<div style=\"text-align: justify\"><span lang=\"ES-TRAD\">El general de brigada, Mohamad Marani, comandante de las Fuerzas de Quds, explic\u00f3 que estos ejercicios militares de tres d\u00edas de duraci\u00f3n se celebrar\u00e1n en cuatro provincias.<\/span><\/div>\n<div style=\"text-align: justify\"><span lang=\"ES-TRAD\">\u00a0<\/span><\/div>\n<div style=\"text-align: justify\"><span lang=\"ES-TRAD\">El castrense iran\u00ed detall\u00f3 que en estas maniobras participar\u00e1n cinco bases secundarias y las unidades de combate de las Fuerzas Terrestres, de la Aviaci\u00f3n, de la artiller\u00eda y de las fronteras, as\u00ed como las fuerzas populares y de la Polic\u00eda.<\/span><\/div>\n<div style=\"text-align: justify\"><span lang=\"ES-TRAD\">\u00a0<\/span><\/div>\n<div style=\"text-align: justify\"><span lang=\"ES-TRAD\">Estas maniobras sirven para fortalecer las infraestructuras regionales hacia el desarrollo, la participaci\u00f3n de la gente en la seguridad de la zona y entrenamientos para mejorar la preparaci\u00f3n general de seguridad\u201d, subraya un\u00a0 comandante de las Fuerzas de Quds del CGRI, el general de brigada Mohamad Marani.<\/span><\/div>\n<div style=\"text-align: justify\"><span lang=\"ES-TRAD\">\u00a0<\/span><\/div>\n<div style=\"text-align: justify\"><span lang=\"ES-TRAD\">El general de brigada Mohamad Pakpur, comandante de las Fuerzas Terrestres del CGRI, inform\u00f3 el pasado domingo de tales ejercicios militares, a trav\u00e9s de los cuales, a su juicio, la Rep\u00fablica Isl\u00e1mica mostrar\u00e1 su poder disuasivo a los enemigos.<\/span><\/div>\n<div style=\"text-align: justify\"><\/div>\n<div style=\"text-align: justify\"><span style=\"color: #0000ff\">Fady M., Hala B.<\/span><\/div>\n<div class=\"yj6qo ajU\">\n<div id=\":ya\" class=\"ajR\" style=\"text-align: justify\"><img decoding=\"async\" class=\"ajT\" src=\"https:\/\/ssl.gstatic.com\/ui\/v1\/icons\/mail\/images\/cleardot.gif\" alt=\"\" \/><\/div>\n<\/div>\n","protected":false},"excerpt":{"rendered":"<p>Teher\u00e1n, SANA \u00a0 Las Fuerzas de Quds del Cuerpo de los Guardianes de la Revoluci\u00f3n Isl\u00e1mica anunciaron el arranque de las masivas maniobras del &#8220;Gran Profeta&#8221;. \u00a0 El general de brigada, Mohamad Marani, comandante de las Fuerzas de Quds, explic\u00f3 que estos ejercicios militares de tres d\u00edas de duraci\u00f3n se celebrar\u00e1n en cuatro provincias. \u00a0 &hellip;<\/p>\n","protected":false},"author":1,"featured_media":41582,"comment_status":"closed","ping_status":"closed","sticky":false,"template":"","format":"standard","meta":{"footnotes":""},"categories":[597,456,457,576],"tags":[8382],"class_list":["post-41581","post","type-post","status-publish","format-standard","has-post-thumbnail","","category-cinta-de-noticias","category-arabe-internacional-politica","category-noticias-arabe-internacional-politica","category-noticias-politicas","tag-guardia-revolucionaria-inicia-masivas-maniobras-militares-en-sureste-de-iran"],"_links":{"self":[{"href":"https:\/\/archive.sana.sy\/es\/index.php?rest_route=\/wp\/v2\/posts\/41581"}],"collection":[{"href":"https:\/\/archive.sana.sy\/es\/index.php?rest_route=\/wp\/v2\/posts"}],"about":[{"href":"https:\/\/archive.sana.sy\/es\/index.php?rest_route=\/wp\/v2\/types\/post"}],"author":[{"embeddable":true,"href":"https:\/\/archive.sana.sy\/es\/index.php?rest_route=\/wp\/v2\/users\/1"}],"replies":[{"embeddable":true,"href":"https:\/\/archive.sana.sy\/es\/index.php?rest_route=%2Fwp%2Fv2%2Fcomments&post=41581"}],"version-history":[{"count":0,"href":"https:\/\/archive.sana.sy\/es\/index.php?rest_route=\/wp\/v2\/posts\/41581\/revisions"}],"wp:featuredmedia":[{"embeddable":true,"href":"https:\/\/archive.sana.sy\/es\/index.php?rest_route=\/wp\/v2\/media\/41582"}],"wp:attachment":[{"href":"https:\/\/archive.sana.sy\/es\/index.php?rest_route=%2Fwp%2Fv2%2Fmedia&parent=41581"}],"wp:term":[{"taxonomy":"category","embeddable":true,"href":"https:\/\/archive.sana.sy\/es\/index.php?rest_route=%2Fwp%2Fv2%2Fcategories&post=41581"},{"taxonomy":"post_tag","embeddable":true,"href":"https:\/\/archive.sana.sy\/es\/index.php?rest_route=%2Fwp%2Fv2%2Ftags&post=41581"}],"curies":[{"name":"wp","href":"https:\/\/api.w.org\/{rel}","templated":true}]}}