{"id":41592,"date":"2016-04-12T13:36:20","date_gmt":"2016-04-12T10:36:20","guid":{"rendered":"http:\/\/www.sana.sy\/es\/?p=41592"},"modified":"2016-04-12T16:59:40","modified_gmt":"2016-04-12T13:59:40","slug":"presidente-al-assad-recibe-a-una-delegacion-de-parlamentarios-rusos","status":"publish","type":"post","link":"https:\/\/archive.sana.sy\/es\/?p=41592","title":{"rendered":"Presidente al-Assad recibe a una delegaci\u00f3n de parlamentarios rusos"},"content":{"rendered":"<div style=\"text-align: justify\"><span lang=\"ES\" style=\"color: #800000\">Damasco, SANA<\/span><\/div>\n<div style=\"text-align: justify\"><span lang=\"ES\">\u00a0<\/span><\/div>\n<div style=\"text-align: justify\"><span lang=\"ES\">El presidente Bashar al-Assad, recibi\u00f3 este martes a una delegaci\u00f3n rusa integrada por un n\u00famero de parlamentarios y figuras religiosas, sociales y period\u00edsticas de Rusia.<\/span><\/div>\n<div style=\"text-align: justify\"><span lang=\"ES\">\u00a0<\/span><\/div>\n<div style=\"text-align: justify\"><span lang=\"ES\">En la reuni\u00f3n se abordaron las relaciones hist\u00f3ricas entre los dos pa\u00edses amigos, la situaci\u00f3n en Siria y la guerra contra el terrorismo.<\/span><\/div>\n<div style=\"text-align: justify\"><span lang=\"ES\">\u00a0<\/span><\/div>\n<div style=\"text-align: justify\"><span lang=\"ES\">El presidente al Assad asegur\u00f3 que los grandes logros alcanzados en cuanto a la derrota y eliminaci\u00f3n de un gran n\u00famero de terroristas en muchas \u00e1reas fue el resultado de la resistencia del pueblo y del ej\u00e9rcito sirio y gracias al apoyo eficaz de sus amigos, principalmente Rusia.<\/span><\/div>\n<div style=\"text-align: justify\"><span lang=\"ES\">\u00a0<\/span><\/div>\n<div style=\"text-align: justify\"><span lang=\"ES\">El presidente hizo alusi\u00f3n al papel positivo desempe\u00f1ado por Rusia, ya sea en Siria o en el plano internacional, lo cual reconfigur\u00f3 el mapa pol\u00edtico del mundo y demostr\u00f3 que Rusia es un gran pa\u00eds que adopta una estrategia basada en la adhesi\u00f3n a los principios, a los valores y a la aplicaci\u00f3n del Derecho Internacional.<\/span><\/div>\n<div style=\"text-align: justify\"><span lang=\"ES\">\u00a0<\/span><\/div>\n<div style=\"text-align: justify\"><span lang=\"ES\">Por su parte, los miembros de la delegaci\u00f3n visitante expresaron el apoyo del parlamento ruso a la firmeza y resistencia de los sirios y su insistencia de preservar su estado.<\/span><\/div>\n<div style=\"text-align: justify\"><span lang=\"ES\">\u00a0<\/span><\/div>\n<div style=\"text-align: justify\"><span lang=\"ES\">Tambi\u00e9n consideraron que la injusta guerra terrorista y el embargo econ\u00f3mico contra el pueblo sirio es el resultado de ser uno de los pocos estados que todav\u00eda se aferra a la soberan\u00eda y la independencia.<\/span><\/div>\n<div style=\"text-align: justify\"><\/div>\n<div style=\"text-align: justify\"><\/div>\n<div style=\"text-align: justify\"><\/div>\n<div style=\"text-align: justify\"><span style=\"color: #0000ff\">Fady M., Hala B.<\/span><\/div>\n<div class=\"yj6qo ajU\">\n<div id=\":12n\" class=\"ajR\" style=\"text-align: justify\"><img decoding=\"async\" class=\"ajT\" src=\"https:\/\/ssl.gstatic.com\/ui\/v1\/icons\/mail\/images\/cleardot.gif\" alt=\"\" \/><\/div>\n<\/div>\n","protected":false},"excerpt":{"rendered":"<p>Damasco, SANA \u00a0 El presidente Bashar al-Assad, recibi\u00f3 este martes a una delegaci\u00f3n rusa integrada por un n\u00famero de parlamentarios y figuras religiosas, sociales y period\u00edsticas de Rusia. \u00a0 En la reuni\u00f3n se abordaron las relaciones hist\u00f3ricas entre los dos pa\u00edses amigos, la situaci\u00f3n en Siria y la guerra contra el terrorismo. \u00a0 El presidente &hellip;<\/p>\n","protected":false},"author":1,"featured_media":41593,"comment_status":"closed","ping_status":"closed","sticky":false,"template":"","format":"standard","meta":{"footnotes":""},"categories":[477,597,476,583,626],"tags":[],"class_list":["post-41592","post","type-post","status-publish","format-standard","has-post-thumbnail","","category-noticias-edulcorantes","category-cinta-de-noticias","category-locales","category-slide","category-sr-presidente"],"_links":{"self":[{"href":"https:\/\/archive.sana.sy\/es\/index.php?rest_route=\/wp\/v2\/posts\/41592"}],"collection":[{"href":"https:\/\/archive.sana.sy\/es\/index.php?rest_route=\/wp\/v2\/posts"}],"about":[{"href":"https:\/\/archive.sana.sy\/es\/index.php?rest_route=\/wp\/v2\/types\/post"}],"author":[{"embeddable":true,"href":"https:\/\/archive.sana.sy\/es\/index.php?rest_route=\/wp\/v2\/users\/1"}],"replies":[{"embeddable":true,"href":"https:\/\/archive.sana.sy\/es\/index.php?rest_route=%2Fwp%2Fv2%2Fcomments&post=41592"}],"version-history":[{"count":0,"href":"https:\/\/archive.sana.sy\/es\/index.php?rest_route=\/wp\/v2\/posts\/41592\/revisions"}],"wp:featuredmedia":[{"embeddable":true,"href":"https:\/\/archive.sana.sy\/es\/index.php?rest_route=\/wp\/v2\/media\/41593"}],"wp:attachment":[{"href":"https:\/\/archive.sana.sy\/es\/index.php?rest_route=%2Fwp%2Fv2%2Fmedia&parent=41592"}],"wp:term":[{"taxonomy":"category","embeddable":true,"href":"https:\/\/archive.sana.sy\/es\/index.php?rest_route=%2Fwp%2Fv2%2Fcategories&post=41592"},{"taxonomy":"post_tag","embeddable":true,"href":"https:\/\/archive.sana.sy\/es\/index.php?rest_route=%2Fwp%2Fv2%2Ftags&post=41592"}],"curies":[{"name":"wp","href":"https:\/\/api.w.org\/{rel}","templated":true}]}}