{"id":41847,"date":"2016-04-14T12:16:07","date_gmt":"2016-04-14T09:16:07","guid":{"rendered":"http:\/\/www.sana.sy\/es\/?p=41847"},"modified":"2016-04-15T17:03:44","modified_gmt":"2016-04-15T14:03:44","slug":"fuerzas-aereas-destruyen-a-sedes-de-los-terroristas-en-los-campos-de-damasco-homs-y-deir-azzor","status":"publish","type":"post","link":"https:\/\/archive.sana.sy\/es\/?p=41847","title":{"rendered":"FFAA apoyadas por los cazas sirios aniquilan fortificaciones y terroristas del EI y el Frente de al-Nousra en varias provincias"},"content":{"rendered":"<p style=\"text-align: justify\"><span style=\"color: #800000\">Provincias, SANA<\/span><\/p>\n<p style=\"text-align: justify\"><b><span lang=\"ES\">La aviaci\u00f3n militar siria ha lanzado este jueves una serie de redadas contra agrupaciones de terroristas del Estado Isl\u00e1mico en el campo noreste de Damasco.<\/span><\/b><\/p>\n<p style=\"text-align: justify\"><b><span lang=\"ES\">En los operativos a\u00e9reos, los cazas sirios dejaron colosales bajas entre las filas de los terroristas de dicha organizaci\u00f3n , as\u00ed como les destruyeron veh\u00edculos cargados de pertrechos b\u00e9licos.<\/span><\/b><b><\/b><\/p>\n<p style=\"text-align: justify\"><span style=\"color: #0000ff\"><b><span lang=\"ES\">Homs<\/span><\/b><\/span><\/p>\n<p style=\"text-align: justify\"><b><span lang=\"ES\">En el centro del pa\u00eds, los aviones de combate sirios aniquilaron esta ma\u00f1ana refugios y veh\u00edculos artillados de la organizaci\u00f3n terrorista del EI en el norte y el este de la ciudad de Palmira, as\u00ed como causaron grandes bajas entre las filas de los terroristas.<\/span><\/b><b><\/b><\/p>\n<p style=\"text-align: justify\"><span style=\"color: #0000ff\"><b><span lang=\"ES\">Alepo<\/span><\/b><\/span><\/p>\n<p style=\"text-align: justify\"><b><span lang=\"ES\">En el norte del pa\u00eds, unidades del ej\u00e9rcito lograron destruir veh\u00edculos y posiciones de los terroristas del Frente de al-Nousra en los pueblos de al-Iss y Kafarnaha.<\/span><\/b><\/p>\n<p style=\"text-align: justify\"><b><span lang=\"ES\">Asimismo, los uniformados sirios llevaron a cabo operaciones contra fortificaciones del EI en los pueblos de Abou Talal y al-Madyuna en el eje de la ciudad de al-Bab y el pueblo de Soran en el campo noreste y en el pueblo de Rasem al-Alam en su campo este, en las cuales causaron la aniquilaci\u00f3n de mercenarios de dicha organizaci\u00f3n terroristas junto con puestos y veh\u00edculos artillados suyos.\u201d.<\/span><\/b><b>\u00a0<\/b><\/p>\n<p style=\"text-align: justify\"><b><span lang=\"ES\">Mientras tanto, las FFAA eliminaron a terroristas del Frente de al-Nousra en la zona de al-Lairamoun en la ciudad de Alepo.<\/span><\/b><b>\u00a0<\/b><\/p>\n<p style=\"text-align: justify\"><span style=\"color: #0000ff\"><b><span lang=\"ES\">Deir Ezzo<\/span><\/b><\/span><\/p>\n<p style=\"text-align: justify\"><b><span lang=\"ES\">En el campo este de Deir Ezzor, la aviaci\u00f3n militar siria realiz\u00f3 esta ma\u00f1ana vuelos contra posiciones de terroristas del EI en los pueblos de al-Yafra y al-Mreiyia, logrando infligir bajas y heridos en las filas de dicha organizaci\u00f3n y destruirla veh\u00edculos y armas.<\/span><\/b><\/p>\n<p style=\"text-align: justify\"><b><span lang=\"ES\">Swaida<\/span><\/b><\/p>\n<p style=\"text-align: justify\"><b><span lang=\"ES\">En el sur del pa\u00eds, una unidad del ej\u00e9rcito bombarde\u00f3 veh\u00edculos de la organizaci\u00f3n terrorista del EI en el pueblo de Rayem al-Dawal en el campo noreste de Swaida.<\/span><\/b><\/p>\n<p style=\"text-align: justify\"><span style=\"color: #0000ff\">Hala B., Lynn A.<\/span><\/p>\n","protected":false},"excerpt":{"rendered":"<p>Provincias, SANA La aviaci\u00f3n militar siria ha lanzado este jueves una serie de redadas contra agrupaciones de terroristas del Estado Isl\u00e1mico en el campo noreste de Damasco. En los operativos a\u00e9reos, los cazas sirios dejaron colosales bajas entre las filas de los terroristas de dicha organizaci\u00f3n , as\u00ed como les destruyeron veh\u00edculos cargados de pertrechos &hellip;<\/p>\n","protected":false},"author":1,"featured_media":41848,"comment_status":"closed","ping_status":"closed","sticky":false,"template":"","format":"standard","meta":{"footnotes":""},"categories":[573],"tags":[8406,1519,8407],"class_list":["post-41847","post","type-post","status-publish","format-standard","has-post-thumbnail","","category-la-realidad-de-los-acontecimientos-en-siria","tag-fuerzas-aereas-destruyen-a-sedes-de-los-terroristas-en-los-campos-de-damasco","tag-homs","tag-y-deir-azzor"],"_links":{"self":[{"href":"https:\/\/archive.sana.sy\/es\/index.php?rest_route=\/wp\/v2\/posts\/41847"}],"collection":[{"href":"https:\/\/archive.sana.sy\/es\/index.php?rest_route=\/wp\/v2\/posts"}],"about":[{"href":"https:\/\/archive.sana.sy\/es\/index.php?rest_route=\/wp\/v2\/types\/post"}],"author":[{"embeddable":true,"href":"https:\/\/archive.sana.sy\/es\/index.php?rest_route=\/wp\/v2\/users\/1"}],"replies":[{"embeddable":true,"href":"https:\/\/archive.sana.sy\/es\/index.php?rest_route=%2Fwp%2Fv2%2Fcomments&post=41847"}],"version-history":[{"count":0,"href":"https:\/\/archive.sana.sy\/es\/index.php?rest_route=\/wp\/v2\/posts\/41847\/revisions"}],"wp:featuredmedia":[{"embeddable":true,"href":"https:\/\/archive.sana.sy\/es\/index.php?rest_route=\/wp\/v2\/media\/41848"}],"wp:attachment":[{"href":"https:\/\/archive.sana.sy\/es\/index.php?rest_route=%2Fwp%2Fv2%2Fmedia&parent=41847"}],"wp:term":[{"taxonomy":"category","embeddable":true,"href":"https:\/\/archive.sana.sy\/es\/index.php?rest_route=%2Fwp%2Fv2%2Fcategories&post=41847"},{"taxonomy":"post_tag","embeddable":true,"href":"https:\/\/archive.sana.sy\/es\/index.php?rest_route=%2Fwp%2Fv2%2Ftags&post=41847"}],"curies":[{"name":"wp","href":"https:\/\/api.w.org\/{rel}","templated":true}]}}