{"id":41850,"date":"2016-04-14T13:25:23","date_gmt":"2016-04-14T10:25:23","guid":{"rendered":"http:\/\/www.sana.sy\/es\/?p=41850"},"modified":"2016-04-14T13:25:23","modified_gmt":"2016-04-14T10:25:23","slug":"lavrov-nuestra-operacion-aerea-en-siria-ha-permitido-crear-las-condiciones-para-mover-el-dialogo-global-sirio","status":"publish","type":"post","link":"https:\/\/archive.sana.sy\/es\/?p=41850","title":{"rendered":"Lavrov: nuestra operaci\u00f3n a\u00e9rea en Siria ha permitido crear las condiciones para mover el di\u00e1logo global sirio"},"content":{"rendered":"<p style=\"text-align: justify\"><span style=\"color: #800000\">Ul\u00e1n Bator, SANA<\/span><\/p>\n<p style=\"text-align: justify\">\nEl Ministro de Exteriores ruso Serguei Lavrov consider\u00f3 que las operaciones a\u00e9reas rusas en Siria han permitido crear las condiciones para mover el di\u00e1logo global sirio.<\/p>\n<p style=\"text-align: justify\">\nEl sitio de RT cit\u00f3 a Lavrov diciendo en un discurso en el Ministerio de Exteriores de Mongolia hoy que \u201cla operaci\u00f3n a\u00e9rea rusa permiti\u00f3 crear las condiciones para la activaci\u00f3n del proceso de paz real con el fin de garantizar la resoluci\u00f3n de la crisis en Siria pol\u00edticamente bajo los auspicios de las Naciones Unidas y para mantener a Siria unificada, y como estado independiente y laico\u201d.<\/p>\n<p style=\"text-align: justify\">\nLavrov se\u00f1al\u00f3 la continuaci\u00f3n de la activa cooperaci\u00f3n ruso-estadounidense sobre Siria, as\u00ed como que las dos partes acordaron poner principios para solucionar la crisis siria.<\/p>\n<p style=\"text-align: justify\">\nEl diplom\u00e1tico ruso expres\u00f3 su lamento por el fracaso de la comunidad internacional en la lucha contra el terrorismo en el momento oportuno.<\/p>\n<p style=\"text-align: justify\">\n<p style=\"text-align: justify\"><span style=\"color: #0000ff\">Hala B., Riad Sh.<\/span><\/p>\n","protected":false},"excerpt":{"rendered":"<p>Ul\u00e1n Bator, SANA El Ministro de Exteriores ruso Serguei Lavrov consider\u00f3 que las operaciones a\u00e9reas rusas en Siria han permitido crear las condiciones para mover el di\u00e1logo global sirio. El sitio de RT cit\u00f3 a Lavrov diciendo en un discurso en el Ministerio de Exteriores de Mongolia hoy que \u201cla operaci\u00f3n a\u00e9rea rusa permiti\u00f3 crear &hellip;<\/p>\n","protected":false},"author":1,"featured_media":41851,"comment_status":"closed","ping_status":"closed","sticky":false,"template":"","format":"standard","meta":{"footnotes":""},"categories":[597,457,576,7541],"tags":[8408],"class_list":["post-41850","post","type-post","status-publish","format-standard","has-post-thumbnail","","category-cinta-de-noticias","category-noticias-arabe-internacional-politica","category-noticias-politicas","category-ultimas-noticias","tag-lavrov-nuestra-operacion-aerea-en-siria-ha-permitido-crear-las-condiciones-para-mover-el-dialogo-global-sirio"],"_links":{"self":[{"href":"https:\/\/archive.sana.sy\/es\/index.php?rest_route=\/wp\/v2\/posts\/41850"}],"collection":[{"href":"https:\/\/archive.sana.sy\/es\/index.php?rest_route=\/wp\/v2\/posts"}],"about":[{"href":"https:\/\/archive.sana.sy\/es\/index.php?rest_route=\/wp\/v2\/types\/post"}],"author":[{"embeddable":true,"href":"https:\/\/archive.sana.sy\/es\/index.php?rest_route=\/wp\/v2\/users\/1"}],"replies":[{"embeddable":true,"href":"https:\/\/archive.sana.sy\/es\/index.php?rest_route=%2Fwp%2Fv2%2Fcomments&post=41850"}],"version-history":[{"count":0,"href":"https:\/\/archive.sana.sy\/es\/index.php?rest_route=\/wp\/v2\/posts\/41850\/revisions"}],"wp:featuredmedia":[{"embeddable":true,"href":"https:\/\/archive.sana.sy\/es\/index.php?rest_route=\/wp\/v2\/media\/41851"}],"wp:attachment":[{"href":"https:\/\/archive.sana.sy\/es\/index.php?rest_route=%2Fwp%2Fv2%2Fmedia&parent=41850"}],"wp:term":[{"taxonomy":"category","embeddable":true,"href":"https:\/\/archive.sana.sy\/es\/index.php?rest_route=%2Fwp%2Fv2%2Fcategories&post=41850"},{"taxonomy":"post_tag","embeddable":true,"href":"https:\/\/archive.sana.sy\/es\/index.php?rest_route=%2Fwp%2Fv2%2Ftags&post=41850"}],"curies":[{"name":"wp","href":"https:\/\/api.w.org\/{rel}","templated":true}]}}