{"id":41938,"date":"2016-04-16T14:06:21","date_gmt":"2016-04-16T11:06:21","guid":{"rendered":"http:\/\/www.sana.sy\/es\/?p=41938"},"modified":"2016-04-16T19:03:32","modified_gmt":"2016-04-16T16:03:32","slug":"siria-celebra-el-70-aniversario-de-su-independencia","status":"publish","type":"post","link":"https:\/\/archive.sana.sy\/es\/?p=41938","title":{"rendered":"Siria celebra el 70 aniversario de su independencia\u00a0"},"content":{"rendered":"<p><span style=\"color: #800000\">Damasco, SANA<\/span><\/p>\n<p style=\"text-align: justify\">El Partido \u00c1rabe Socialista de Baath emiti\u00f3 este s\u00e1bado un comunicado con motivo del 70 aniversario de la Independencia de Siria del ocupante franc\u00e9s, que cae ma\u00f1ana el 17 de abril.<\/p>\n<p style=\"text-align: justify\">En el comunicado, el partido sirio destac\u00f3 que Siria seguir\u00e1 luchando\u00a0hasta liberar el \u00faltimo \u00e1pice del Gol\u00e1n sirio ocupado, erradicar el terrorismo de todo el territorio sirio, as\u00ed como liberar la tierra de Palestina.<\/p>\n<p style=\"text-align: justify\">Asimismo se\u00f1al\u00f3 que la independencia que se logr\u00f3 gracias a la sangre derramada de los h\u00e9roes\u00a0sirios demuestra que Siria, coraz\u00f3n de la naci\u00f3n \u00e1rabe, superar\u00e1 su crisis actual y saldr\u00e1 victoriosa y unida.<\/p>\n<p style=\"text-align: justify\">En este contexto, resalt\u00f3 que Siria a lo largo de su historia, siempre ha alcanzado\u00a0torpedear todos los intentos imperiales encaminados dividirla a mini -estados y a debilitar sus posturas nacionales y pro \u00e1rabes.<\/p>\n<p style=\"text-align: justify\">\u201cTal como Siria ha logrado su independencia del ocupante franc\u00e9s hace 70 a\u00f1os, esta naci\u00f3n sigue manteniendo la independencia de su decisi\u00f3n, bajo el liderazgo del presidente Bashar al-Assad\u201d, asever\u00f3 el comunicado.<\/p>\n<p style=\"text-align: justify\">Es de se\u00f1alar que en el17 de abril, los sirios conmemoran el D\u00eda de Independencia de Siria (al-Yalaa) del ocupante franc\u00e9s despu\u00e9s de una larga lucha que dur\u00f3 25 a\u00f1os durante los\u00a0que eternos l\u00edderes, tales como Yussef al-Azmeh, Sultan Basha al-Atrash y el jeque Saleh al-Ali han sacrificado su vida para lograr la independencia de la patria.<\/p>\n<p>&nbsp;<\/p>\n<p>&nbsp;<\/p>\n<p>Lynn A.<\/p>\n","protected":false},"excerpt":{"rendered":"<p>Damasco, SANA El Partido \u00c1rabe Socialista de Baath emiti\u00f3 este s\u00e1bado un comunicado con motivo del 70 aniversario de la Independencia de Siria del ocupante franc\u00e9s, que cae ma\u00f1ana el 17 de abril. En el comunicado, el partido sirio destac\u00f3 que Siria seguir\u00e1 luchando\u00a0hasta liberar el \u00faltimo \u00e1pice del Gol\u00e1n sirio ocupado, erradicar el terrorismo &hellip;<\/p>\n","protected":false},"author":24,"featured_media":11843,"comment_status":"closed","ping_status":"closed","sticky":false,"template":"","format":"standard","meta":{"footnotes":""},"categories":[477,476,7541],"tags":[],"class_list":["post-41938","post","type-post","status-publish","format-standard","has-post-thumbnail","","category-noticias-edulcorantes","category-locales","category-ultimas-noticias"],"_links":{"self":[{"href":"https:\/\/archive.sana.sy\/es\/index.php?rest_route=\/wp\/v2\/posts\/41938"}],"collection":[{"href":"https:\/\/archive.sana.sy\/es\/index.php?rest_route=\/wp\/v2\/posts"}],"about":[{"href":"https:\/\/archive.sana.sy\/es\/index.php?rest_route=\/wp\/v2\/types\/post"}],"author":[{"embeddable":true,"href":"https:\/\/archive.sana.sy\/es\/index.php?rest_route=\/wp\/v2\/users\/24"}],"replies":[{"embeddable":true,"href":"https:\/\/archive.sana.sy\/es\/index.php?rest_route=%2Fwp%2Fv2%2Fcomments&post=41938"}],"version-history":[{"count":0,"href":"https:\/\/archive.sana.sy\/es\/index.php?rest_route=\/wp\/v2\/posts\/41938\/revisions"}],"wp:featuredmedia":[{"embeddable":true,"href":"https:\/\/archive.sana.sy\/es\/index.php?rest_route=\/wp\/v2\/media\/11843"}],"wp:attachment":[{"href":"https:\/\/archive.sana.sy\/es\/index.php?rest_route=%2Fwp%2Fv2%2Fmedia&parent=41938"}],"wp:term":[{"taxonomy":"category","embeddable":true,"href":"https:\/\/archive.sana.sy\/es\/index.php?rest_route=%2Fwp%2Fv2%2Fcategories&post=41938"},{"taxonomy":"post_tag","embeddable":true,"href":"https:\/\/archive.sana.sy\/es\/index.php?rest_route=%2Fwp%2Fv2%2Ftags&post=41938"}],"curies":[{"name":"wp","href":"https:\/\/api.w.org\/{rel}","templated":true}]}}