{"id":42018,"date":"2016-04-17T13:56:29","date_gmt":"2016-04-17T10:56:29","guid":{"rendered":"http:\/\/www.sana.sy\/es\/?p=42018"},"modified":"2016-04-17T16:02:12","modified_gmt":"2016-04-17T13:02:12","slug":"con-motivo-del-aniversario-de-la-independencia-de-siria-asamblea-del-pueblo-reitera-confianza-en-capacidad-del-pueblo-sirio-de-proteger-soberania-de-su-patria","status":"publish","type":"post","link":"https:\/\/archive.sana.sy\/es\/?p=42018","title":{"rendered":"Con motivo del aniversario de la Independencia de Siria, Asamblea del Pueblo reitera confianza en capacidad del pueblo sirio de proteger soberan\u00eda de su patria"},"content":{"rendered":"<div style=\"text-align: justify\"><b><span lang=\"ES\"><span style=\"color: #800000\">Damasco, SANA<\/span><u><\/u><u><\/u><\/span><\/b><\/div>\n<div style=\"text-align: justify\"><\/div>\n<div style=\"text-align: justify\"><b><span lang=\"ES\">La Asamblea del Pueblo ha renovado su llamado a los hijos del pueblo sirio a estar unidos y movilizar los esfuerzos frente a la guerra desatada contra nuestro pa\u00eds por potencias colonialistas e instrumentos regionales con el objetivo de desintegrar la estructura del Estado y destruir sus potencialidades.<u><\/u><u><\/u><\/span><\/b><\/div>\n<div style=\"text-align: justify\"><\/div>\n<div style=\"text-align: justify\"><b><span lang=\"ES\">En un comunicado con ocasi\u00f3n del 70 aniversario del fin del colonialismo\u00a0 franc\u00e9s, la Asamblea se\u00f1al\u00f3 que \u201cSiria en la \u00e9poca de la independencia era un centro de irradiaci\u00f3n, ilustraci\u00f3n y emancipaci\u00f3n que se extendi\u00f3 a los pa\u00edses \u00e1rabes, cuando los sirios luchaban junto a sus hermanos contra el colonialismo hasta el logro de su independencia\u201d, subrayando que \u201cel destino de Siria es ser la punta de lanza en defensa del futuro de los pueblos de la regi\u00f3n contra los tent\u00e1culos colonialistas que\u00a0 pretenden fragmentar a los pa\u00edses de la regi\u00f3n.<u><\/u><u><\/u><\/span><\/b><\/div>\n<div style=\"text-align: justify\"><\/div>\n<div style=\"text-align: justify\"><b><span lang=\"ES\">La Asamblea en su nota expres\u00f3 su esperanza y confianza en la capacidad del pueblo sirio de proteger a su patria y resguardar su soberan\u00eda e independencia.<u><\/u><u><\/u><\/span><\/b><\/div>\n<div style=\"text-align: justify\"><\/div>\n<div style=\"text-align: justify\"><b><span lang=\"ES\">\u00a0\u201cEn el 70 aniversario de la derrota del ocupante y construir al estado nacional renovamos nuestro compromiso para con los ideales de los independentistas y no desperdiciaremos su historia y su sangre y, lucharemos por preservar a Siria unida y por recuperar al Gol\u00e1n ocupado de manos del ocupante sionista\u2026\u201d.<u><\/u><u><\/u><\/span><\/b><\/div>\n<div style=\"text-align: justify\" align=\"center\"><span lang=\"ES\"><u><\/u>\u00a0<u><\/u><\/span><\/div>\n<div style=\"text-align: justify\"><span lang=\"ES\">La Asamblea salud\u00f3 las almas puras de los m\u00e1rtires de la Independencia quienes edificaron esta gloria y defendieron el futuro de Siria, as\u00ed como reiteraron el compromiso de seguir sus pasos y blindar a la patria contra la codicia de los invasores y, reconstruir a Siria como estado nacional fuerte y locomotora del proyecto del despertar \u00e1rabe.<\/span><\/div>\n<div style=\"text-align: justify\"><\/div>\n<div style=\"text-align: justify\"><span style=\"color: #0000ff\">Riad Sh., Hala B.<\/span><\/div>\n","protected":false},"excerpt":{"rendered":"<p>Damasco, SANA La Asamblea del Pueblo ha renovado su llamado a los hijos del pueblo sirio a estar unidos y movilizar los esfuerzos frente a la guerra desatada contra nuestro pa\u00eds por potencias colonialistas e instrumentos regionales con el objetivo de desintegrar la estructura del Estado y destruir sus potencialidades. En un comunicado con ocasi\u00f3n &hellip;<\/p>\n","protected":false},"author":1,"featured_media":42025,"comment_status":"closed","ping_status":"closed","sticky":false,"template":"","format":"standard","meta":{"footnotes":""},"categories":[597,476,457,576,583],"tags":[8434,8433],"class_list":["post-42018","post","type-post","status-publish","format-standard","has-post-thumbnail","","category-cinta-de-noticias","category-locales","category-noticias-arabe-internacional-politica","category-noticias-politicas","category-slide","tag-asamblea-del-pueblo-reitera-confianza-en-capacidad-del-pueblo-sirio-de-proteger-soberania-de-su-patria","tag-con-motivo-del-aniversario-de-la-independencia-de-siria"],"_links":{"self":[{"href":"https:\/\/archive.sana.sy\/es\/index.php?rest_route=\/wp\/v2\/posts\/42018"}],"collection":[{"href":"https:\/\/archive.sana.sy\/es\/index.php?rest_route=\/wp\/v2\/posts"}],"about":[{"href":"https:\/\/archive.sana.sy\/es\/index.php?rest_route=\/wp\/v2\/types\/post"}],"author":[{"embeddable":true,"href":"https:\/\/archive.sana.sy\/es\/index.php?rest_route=\/wp\/v2\/users\/1"}],"replies":[{"embeddable":true,"href":"https:\/\/archive.sana.sy\/es\/index.php?rest_route=%2Fwp%2Fv2%2Fcomments&post=42018"}],"version-history":[{"count":0,"href":"https:\/\/archive.sana.sy\/es\/index.php?rest_route=\/wp\/v2\/posts\/42018\/revisions"}],"wp:featuredmedia":[{"embeddable":true,"href":"https:\/\/archive.sana.sy\/es\/index.php?rest_route=\/wp\/v2\/media\/42025"}],"wp:attachment":[{"href":"https:\/\/archive.sana.sy\/es\/index.php?rest_route=%2Fwp%2Fv2%2Fmedia&parent=42018"}],"wp:term":[{"taxonomy":"category","embeddable":true,"href":"https:\/\/archive.sana.sy\/es\/index.php?rest_route=%2Fwp%2Fv2%2Fcategories&post=42018"},{"taxonomy":"post_tag","embeddable":true,"href":"https:\/\/archive.sana.sy\/es\/index.php?rest_route=%2Fwp%2Fv2%2Ftags&post=42018"}],"curies":[{"name":"wp","href":"https:\/\/api.w.org\/{rel}","templated":true}]}}