{"id":42021,"date":"2016-04-17T14:22:19","date_gmt":"2016-04-17T11:22:19","guid":{"rendered":"http:\/\/www.sana.sy\/es\/?p=42021"},"modified":"2016-04-17T14:22:19","modified_gmt":"2016-04-17T11:22:19","slug":"ministro-de-cultura-irani-denuncia-actos-de-destruccion-contra-patrimonio-humanitario-de-los-paises-de-la-region","status":"publish","type":"post","link":"https:\/\/archive.sana.sy\/es\/?p=42021","title":{"rendered":"Ministro de Cultura iran\u00ed denuncia actos de destrucci\u00f3n contra patrimonio humanitario de los pa\u00edses de la regi\u00f3n"},"content":{"rendered":"<div style=\"text-align: justify\"><span lang=\"ES\"><span style=\"color: #800000\">Teher\u00e1n, SANA<\/span><u><\/u><u><\/u><\/span><\/div>\n<div style=\"text-align: justify\"><\/div>\n<div style=\"text-align: justify\"><span lang=\"ES\">El ministro de Cultura y Orientaci\u00f3n Isl\u00e1mica iran\u00ed, Ali Jannati, denunci\u00f3 que las organizaciones terroristas est\u00e1n destruyendo las antig\u00fcedades y el patrimonio humanitario de algunos pa\u00edses de la regi\u00f3n, especialmente Siria, Irak, Afganist\u00e1n y Pakist\u00e1n, dirigiendo un llamado a la comunidad internacional para expresar una seria voluntad en materia de la lucha contra el terrorismo y determinar las fuentes de este flagelo.<u><\/u><u><\/u><\/span><\/div>\n<div style=\"text-align: justify\"><span lang=\"ES\">\u00a0<\/span><\/div>\n<div style=\"text-align: justify\"><span lang=\"ES\">Al reunirse en Teher\u00e1n con el comisario europeo para Asuntos de Educaci\u00f3n, Cultura, Juventud y Deporte, Tibor Navracsics, el alto funcionario iran\u00ed se\u00f1al\u00f3 que estas antig\u00fcedades corresponden a todo el mundo y no solamente a un solo pueblo, resaltando la necesidad de tomar medidas para impedir su destrucci\u00f3n.<u><\/u><u><\/u><\/span><\/div>\n<div style=\"text-align: justify\"><span lang=\"ES\">\u00a0<\/span><\/div>\n<div style=\"text-align: justify\"><\/div>\n<div dir=\"ltr\" style=\"text-align: justify\"><span lang=\"ES\">Asimismo advirti\u00f3 que el extremismo, el terrorismo y la violencia son peligros que representan una amenaza al mundo entero.<\/span><\/div>\n<div dir=\"ltr\" style=\"text-align: justify\"><\/div>\n<div dir=\"ltr\" style=\"text-align: justify\"><span style=\"color: #0000ff\">Lynn A., Hala B.<\/span><\/div>\n","protected":false},"excerpt":{"rendered":"<p>Teher\u00e1n, SANA El ministro de Cultura y Orientaci\u00f3n Isl\u00e1mica iran\u00ed, Ali Jannati, denunci\u00f3 que las organizaciones terroristas est\u00e1n destruyendo las antig\u00fcedades y el patrimonio humanitario de algunos pa\u00edses de la regi\u00f3n, especialmente Siria, Irak, Afganist\u00e1n y Pakist\u00e1n, dirigiendo un llamado a la comunidad internacional para expresar una seria voluntad en materia de la lucha contra &hellip;<\/p>\n","protected":false},"author":1,"featured_media":42022,"comment_status":"closed","ping_status":"closed","sticky":false,"template":"","format":"standard","meta":{"footnotes":""},"categories":[597,456,457,576,7541],"tags":[8435],"class_list":["post-42021","post","type-post","status-publish","format-standard","has-post-thumbnail","","category-cinta-de-noticias","category-arabe-internacional-politica","category-noticias-arabe-internacional-politica","category-noticias-politicas","category-ultimas-noticias","tag-ministro-de-cultura-irani-denuncia-actos-de-destruccion-contra-patrimonio-humanitario-de-los-paises-de-la-region"],"_links":{"self":[{"href":"https:\/\/archive.sana.sy\/es\/index.php?rest_route=\/wp\/v2\/posts\/42021"}],"collection":[{"href":"https:\/\/archive.sana.sy\/es\/index.php?rest_route=\/wp\/v2\/posts"}],"about":[{"href":"https:\/\/archive.sana.sy\/es\/index.php?rest_route=\/wp\/v2\/types\/post"}],"author":[{"embeddable":true,"href":"https:\/\/archive.sana.sy\/es\/index.php?rest_route=\/wp\/v2\/users\/1"}],"replies":[{"embeddable":true,"href":"https:\/\/archive.sana.sy\/es\/index.php?rest_route=%2Fwp%2Fv2%2Fcomments&post=42021"}],"version-history":[{"count":0,"href":"https:\/\/archive.sana.sy\/es\/index.php?rest_route=\/wp\/v2\/posts\/42021\/revisions"}],"wp:featuredmedia":[{"embeddable":true,"href":"https:\/\/archive.sana.sy\/es\/index.php?rest_route=\/wp\/v2\/media\/42022"}],"wp:attachment":[{"href":"https:\/\/archive.sana.sy\/es\/index.php?rest_route=%2Fwp%2Fv2%2Fmedia&parent=42021"}],"wp:term":[{"taxonomy":"category","embeddable":true,"href":"https:\/\/archive.sana.sy\/es\/index.php?rest_route=%2Fwp%2Fv2%2Fcategories&post=42021"},{"taxonomy":"post_tag","embeddable":true,"href":"https:\/\/archive.sana.sy\/es\/index.php?rest_route=%2Fwp%2Fv2%2Ftags&post=42021"}],"curies":[{"name":"wp","href":"https:\/\/api.w.org\/{rel}","templated":true}]}}