{"id":42027,"date":"2016-04-17T18:06:16","date_gmt":"2016-04-17T15:06:16","guid":{"rendered":"http:\/\/sana.sy\/es\/?p=42027"},"modified":"2016-04-17T18:06:16","modified_gmt":"2016-04-17T15:06:16","slug":"golaneses-ratifican-su-firme-rechazo-a-la-ocupacion-y-su-adhesion-a-su-tierra-natal-siria","status":"publish","type":"post","link":"https:\/\/archive.sana.sy\/es\/?p=42027","title":{"rendered":"Golaneses ratifican su firme rechazo a la ocupaci\u00f3n y su adhesi\u00f3n a su tierra natal Siria"},"content":{"rendered":"<p>El Gol\u00e1n ocupado-SANA<\/p>\n<p>Los locales del Gol\u00e1n sirio ocupado hicieron hincapi\u00e9 en que el Gol\u00e1n es y siempre ser\u00e1 parte de la patria madre Siria.<\/p>\n<p>En un comunicado emitido el domingo en respuesta a la celebraci\u00f3n del gobierno del ente sionista una reuni\u00f3n en el Gol\u00e1n Ocupado, los golaneses subrayaron que la ocupaci\u00f3n israel\u00ed fracas\u00f3, mediante sus mercenarios terroristas, en la creaci\u00f3n de una zona tap\u00f3n entre la patria madre Siria y el Gol\u00e1n sirio, agregando que de igual modo no podr\u00e1 garantizar la seguridad a sus colonos.<\/p>\n<p>Los habitantes del Gol\u00e1n ratificaron su firme rechazo a la ocupaci\u00f3n y su adhesi\u00f3n a su tierra natal Siria.<\/p>\n<p>Yamil K.<\/p>\n","protected":false},"excerpt":{"rendered":"<p>El Gol\u00e1n ocupado-SANA Los locales del Gol\u00e1n sirio ocupado hicieron hincapi\u00e9 en que el Gol\u00e1n es y siempre ser\u00e1 parte de la patria madre Siria. En un comunicado emitido el domingo en respuesta a la celebraci\u00f3n del gobierno del ente sionista una reuni\u00f3n en el Gol\u00e1n Ocupado, los golaneses subrayaron que la ocupaci\u00f3n israel\u00ed fracas\u00f3, &hellip;<\/p>\n","protected":false},"author":1,"featured_media":42028,"comment_status":"closed","ping_status":"closed","sticky":false,"template":"","format":"standard","meta":{"footnotes":""},"categories":[476,457,583,7541],"tags":[],"class_list":["post-42027","post","type-post","status-publish","format-standard","has-post-thumbnail","","category-locales","category-noticias-arabe-internacional-politica","category-slide","category-ultimas-noticias"],"_links":{"self":[{"href":"https:\/\/archive.sana.sy\/es\/index.php?rest_route=\/wp\/v2\/posts\/42027"}],"collection":[{"href":"https:\/\/archive.sana.sy\/es\/index.php?rest_route=\/wp\/v2\/posts"}],"about":[{"href":"https:\/\/archive.sana.sy\/es\/index.php?rest_route=\/wp\/v2\/types\/post"}],"author":[{"embeddable":true,"href":"https:\/\/archive.sana.sy\/es\/index.php?rest_route=\/wp\/v2\/users\/1"}],"replies":[{"embeddable":true,"href":"https:\/\/archive.sana.sy\/es\/index.php?rest_route=%2Fwp%2Fv2%2Fcomments&post=42027"}],"version-history":[{"count":0,"href":"https:\/\/archive.sana.sy\/es\/index.php?rest_route=\/wp\/v2\/posts\/42027\/revisions"}],"wp:featuredmedia":[{"embeddable":true,"href":"https:\/\/archive.sana.sy\/es\/index.php?rest_route=\/wp\/v2\/media\/42028"}],"wp:attachment":[{"href":"https:\/\/archive.sana.sy\/es\/index.php?rest_route=%2Fwp%2Fv2%2Fmedia&parent=42027"}],"wp:term":[{"taxonomy":"category","embeddable":true,"href":"https:\/\/archive.sana.sy\/es\/index.php?rest_route=%2Fwp%2Fv2%2Fcategories&post=42027"},{"taxonomy":"post_tag","embeddable":true,"href":"https:\/\/archive.sana.sy\/es\/index.php?rest_route=%2Fwp%2Fv2%2Ftags&post=42027"}],"curies":[{"name":"wp","href":"https:\/\/api.w.org\/{rel}","templated":true}]}}