{"id":42055,"date":"2016-04-18T14:45:23","date_gmt":"2016-04-18T11:45:23","guid":{"rendered":"http:\/\/www.sana.sy\/es\/?p=42055"},"modified":"2016-04-18T19:16:31","modified_gmt":"2016-04-18T16:16:31","slug":"al-jaffari-afirmamos-a-di-mistura-el-derecho-de-la-republica-arabe-de-siria-a-recuperar-al-golan-sirio-ocupado-hasta-las-fronteras-del-4-de-junio-de-1967","status":"publish","type":"post","link":"https:\/\/archive.sana.sy\/es\/?p=42055","title":{"rendered":"Al-Jaffari: afirmamos a Di Mistura el derecho de la Rep\u00fablica \u00c1rabe de Siria a recuperar al Gol\u00e1n sirio ocupado hasta las fronteras del 4 de junio de 1967"},"content":{"rendered":"<p style=\"text-align: justify\"><span style=\"color: #800000\">Ginebra, SANA<\/span><\/p>\n<p style=\"text-align: justify\">El presidente de la delegaci\u00f3n de la Rep\u00fablica \u00c1rabe de Siria (RAS), Dr. Bashar al-Jaafari se ha reunido con el enviado especial del Secretario General de Naciones Unidas para Siria, Staffan Di Mistura, en la sede de la ONU en Ginebra.<\/p>\n<p style=\"text-align: justify\">Al t\u00e9rmino de la reuni\u00f3n, al-Jaafari declar\u00f3 que \u201cse dedic\u00f3 un tiempo suficiente al comienzo de la sesi\u00f3n para hablar del acto provocativo irresponsable que cometi\u00f3 el jefe del gobierno de la ocupaci\u00f3n israel\u00ed, Benjam\u00edn Netanyahu, al convocar a su gabinete a una reuni\u00f3n en el Gol\u00e1n ocupado\u201d.<\/p>\n<p style=\"text-align: justify\">\u201cLe hemos subrayado a Di Mistura el derecho de la Rep\u00fablica \u00c1rabe de Siria a recuperar al Gol\u00e1n sirio ocupado hasta las fronteras del 4 de junio de 1967,\u00a0 por todos los medios legales dispuestos por la Carta de Naciones Unidas.<\/p>\n<p style=\"text-align: justify\">El diplom\u00e1tico sirio dijo que no es casual en absoluto que la escalada israel\u00ed en el Gol\u00e1n sirio ocupado fuese acompa\u00f1ada por declaraciones irresponsables y provocativas de algunos miembros de la delegaci\u00f3n de Riad participante en el di\u00e1logo inter-sirio en Ginebra. El mismo coment\u00f3 que lo que ocurre denota una estrecha cooperaci\u00f3n entre \u201cIsrael\u201d y algunos \u00e1rabes y terroristas en Siria.<\/p>\n<p style=\"text-align: justify\">\u201cLe hemos manifestado a Di Mistura que lo que construye Naciones Unidas en Nueva York lo sabotea en Ginebra porque el Consejo de Seguridad consider\u00f3 terrorista al muft\u00ed del Movimiento Ahrar al-Sham, mientras que el grupo pro-saudita trajo un representante del movimiento a Ginebra por aprobaci\u00f3n de la ONU.<\/p>\n<p style=\"text-align: justify\"><span style=\"color: #0000ff\">Riad Sh., Hala B.<\/span><\/p>\n","protected":false},"excerpt":{"rendered":"<p>Ginebra, SANA El presidente de la delegaci\u00f3n de la Rep\u00fablica \u00c1rabe de Siria (RAS), Dr. Bashar al-Jaafari se ha reunido con el enviado especial del Secretario General de Naciones Unidas para Siria, Staffan Di Mistura, en la sede de la ONU en Ginebra. Al t\u00e9rmino de la reuni\u00f3n, al-Jaafari declar\u00f3 que \u201cse dedic\u00f3 un tiempo &hellip;<\/p>\n","protected":false},"author":1,"featured_media":42056,"comment_status":"closed","ping_status":"closed","sticky":false,"template":"","format":"standard","meta":{"footnotes":""},"categories":[597,457,576,583],"tags":[8440],"class_list":["post-42055","post","type-post","status-publish","format-standard","has-post-thumbnail","","category-cinta-de-noticias","category-noticias-arabe-internacional-politica","category-noticias-politicas","category-slide","tag-al-jaffari-afirmamos-a-di-mistura-el-derecho-de-la-republica-arabe-de-siria-a-recuperar-al-golan-sirio-ocupado-hasta-las-fronteras-del-4-de-junio-de-1967"],"_links":{"self":[{"href":"https:\/\/archive.sana.sy\/es\/index.php?rest_route=\/wp\/v2\/posts\/42055"}],"collection":[{"href":"https:\/\/archive.sana.sy\/es\/index.php?rest_route=\/wp\/v2\/posts"}],"about":[{"href":"https:\/\/archive.sana.sy\/es\/index.php?rest_route=\/wp\/v2\/types\/post"}],"author":[{"embeddable":true,"href":"https:\/\/archive.sana.sy\/es\/index.php?rest_route=\/wp\/v2\/users\/1"}],"replies":[{"embeddable":true,"href":"https:\/\/archive.sana.sy\/es\/index.php?rest_route=%2Fwp%2Fv2%2Fcomments&post=42055"}],"version-history":[{"count":0,"href":"https:\/\/archive.sana.sy\/es\/index.php?rest_route=\/wp\/v2\/posts\/42055\/revisions"}],"wp:featuredmedia":[{"embeddable":true,"href":"https:\/\/archive.sana.sy\/es\/index.php?rest_route=\/wp\/v2\/media\/42056"}],"wp:attachment":[{"href":"https:\/\/archive.sana.sy\/es\/index.php?rest_route=%2Fwp%2Fv2%2Fmedia&parent=42055"}],"wp:term":[{"taxonomy":"category","embeddable":true,"href":"https:\/\/archive.sana.sy\/es\/index.php?rest_route=%2Fwp%2Fv2%2Fcategories&post=42055"},{"taxonomy":"post_tag","embeddable":true,"href":"https:\/\/archive.sana.sy\/es\/index.php?rest_route=%2Fwp%2Fv2%2Ftags&post=42055"}],"curies":[{"name":"wp","href":"https:\/\/api.w.org\/{rel}","templated":true}]}}