{"id":42142,"date":"2016-04-19T20:16:02","date_gmt":"2016-04-19T17:16:02","guid":{"rendered":"http:\/\/www.sana.sy\/es\/?p=42142"},"modified":"2016-04-19T20:16:02","modified_gmt":"2016-04-19T17:16:02","slug":"la-delegacion-de-la-comunidad-siria-en-brasil-visita-la-mezquita-de-los-omeyas-y-la-iglesia-de-ananias-en-damasco","status":"publish","type":"post","link":"https:\/\/archive.sana.sy\/es\/?p=42142","title":{"rendered":"La delegaci\u00f3n de la comunidad siria en Brasil visita la Mezquita de los Omeyas y la Iglesia de Anan\u00edas en Damasco"},"content":{"rendered":"<p style=\"text-align: justify\"><span style=\"color: #800000\">Damasco, SANA<\/span>&#8211; La delegaci\u00f3n de la comunidad siria en Brasil que actualmente se encuentra en Siria visit\u00f3 hoy la Mezquita de los Omeyas y la Iglesia de Anan\u00edas en Damasco, donde ha sido informada sobre la historia de la mezquita y su importancia hist\u00f3rica en el mundo y en el pluralismo religioso.<\/p>\n<p style=\"text-align: justify\">En una declaraci\u00f3n a SANA, el presidente de la delegaci\u00f3n, el Dr. Ricardo Agag, dijo que la delegaci\u00f3n se ha sorprendido por los hechos de los acontecimientos en Siria porque los medios de comunicaci\u00f3n occidentales transmiten im\u00e1genes enga\u00f1osas sobre Siria.<\/p>\n<p style=\"text-align: justify\">Agag se\u00f1al\u00f3 que la delegaci\u00f3n trabajar\u00e1 para transmitir la bella imagen que vieron durante su visita con el fin de mostrar al pueblo brasile\u00f1o que Siria es un pa\u00eds de seguridad y amor.<\/p>\n<p>M.Miri<\/p>\n","protected":false},"excerpt":{"rendered":"<p>Damasco, SANA&#8211; La delegaci\u00f3n de la comunidad siria en Brasil que actualmente se encuentra en Siria visit\u00f3 hoy la Mezquita de los Omeyas y la Iglesia de Anan\u00edas en Damasco, donde ha sido informada sobre la historia de la mezquita y su importancia hist\u00f3rica en el mundo y en el pluralismo religioso. En una declaraci\u00f3n &hellip;<\/p>\n","protected":false},"author":1,"featured_media":42143,"comment_status":"closed","ping_status":"closed","sticky":false,"template":"","format":"standard","meta":{"footnotes":""},"categories":[477,476,7541],"tags":[8454],"class_list":["post-42142","post","type-post","status-publish","format-standard","has-post-thumbnail","","category-noticias-edulcorantes","category-locales","category-ultimas-noticias","tag-la-delegacion-de-la-comunidad-siria-en-brasil-visita-la-mezquita-de-los-omeyas-y-la-iglesia-de-ananias-en-damasco"],"_links":{"self":[{"href":"https:\/\/archive.sana.sy\/es\/index.php?rest_route=\/wp\/v2\/posts\/42142"}],"collection":[{"href":"https:\/\/archive.sana.sy\/es\/index.php?rest_route=\/wp\/v2\/posts"}],"about":[{"href":"https:\/\/archive.sana.sy\/es\/index.php?rest_route=\/wp\/v2\/types\/post"}],"author":[{"embeddable":true,"href":"https:\/\/archive.sana.sy\/es\/index.php?rest_route=\/wp\/v2\/users\/1"}],"replies":[{"embeddable":true,"href":"https:\/\/archive.sana.sy\/es\/index.php?rest_route=%2Fwp%2Fv2%2Fcomments&post=42142"}],"version-history":[{"count":0,"href":"https:\/\/archive.sana.sy\/es\/index.php?rest_route=\/wp\/v2\/posts\/42142\/revisions"}],"wp:featuredmedia":[{"embeddable":true,"href":"https:\/\/archive.sana.sy\/es\/index.php?rest_route=\/wp\/v2\/media\/42143"}],"wp:attachment":[{"href":"https:\/\/archive.sana.sy\/es\/index.php?rest_route=%2Fwp%2Fv2%2Fmedia&parent=42142"}],"wp:term":[{"taxonomy":"category","embeddable":true,"href":"https:\/\/archive.sana.sy\/es\/index.php?rest_route=%2Fwp%2Fv2%2Fcategories&post=42142"},{"taxonomy":"post_tag","embeddable":true,"href":"https:\/\/archive.sana.sy\/es\/index.php?rest_route=%2Fwp%2Fv2%2Ftags&post=42142"}],"curies":[{"name":"wp","href":"https:\/\/api.w.org\/{rel}","templated":true}]}}