{"id":42316,"date":"2016-04-22T13:40:21","date_gmt":"2016-04-22T10:40:21","guid":{"rendered":"http:\/\/www.sana.sy\/es\/?p=42316"},"modified":"2016-04-23T20:28:52","modified_gmt":"2016-04-23T17:28:52","slug":"conmemoran-en-damasco-el-101-aniversario-del-genocidio-otomano-contra-los-armenios","status":"publish","type":"post","link":"https:\/\/archive.sana.sy\/es\/?p=42316","title":{"rendered":"Conmemoran en Damasco el 101 aniversario del genocidio otomano contra los armenios"},"content":{"rendered":"<p><span style=\"color: #800000\">Damasco, SANA<\/span><\/p>\n<p style=\"text-align: justify\">El Comit\u00e9 Central para conmemorar el centenario del Genocidio Armenio organiz\u00f3 oraciones especiales para los santos de la catedral de la Di\u00f3cesis de Damasco para Ortodoxos Armenios.<\/p>\n<p style=\"text-align: justify\">Las oraciones se efectuaron con motivo de 101\u00ba aniversario del genocidio que sufrieron los armenios a manos de los otomanos y que se cobr\u00f3 la vida de m\u00e1s de un mill\u00f3n y medio de personas.<\/p>\n<p style=\"text-align: justify\">Presidi\u00f3 las oraciones el arzobispo de la Di\u00f3cesis de Damasco para ortodoxos armenios, Armash Nalbandian.<\/p>\n<p style=\"text-align: justify\">Despu\u00e9s de las oraciones, se organiz\u00f3 una vigilia con velas que parti\u00f3 desde la plaza de los m\u00e1rtires del genocidio armenio en Bab Sharqui (Puerta oriental de Damasco) y en la que participaron pioneros y exploradores que portaron las banderas de Siria y Armenia y un icono de los santos m\u00e1rtires armenios.<\/p>\n<p style=\"text-align: justify\">Los participantes en la marcha portaban pancartas que dec\u00edan: &#8220;Gracias Siria, la tierra del martirio\u201d, \u201cGracias a los sirios, nuestros hermanos en la tierra&#8221;, los cr\u00edmenes turcos se repiten hoy en Siria despu\u00e9s de 101 a\u00f1os\u201d, \u201cErdogan es el leg\u00edtimo heredero de los matones otomanos\u201d y \u201cTurqu\u00eda es fuente del terrorismo\u201d.<\/p>\n<p>&nbsp;<\/p>\n<p>El enlace del video: https:\/\/youtu.be\/Ao_XbkRqIVI<\/p>\n<p>&nbsp;<\/p>\n<p>&nbsp;<\/p>\n<p>Fady M., Lynn A.<\/p>\n","protected":false},"excerpt":{"rendered":"<p>Damasco, SANA El Comit\u00e9 Central para conmemorar el centenario del Genocidio Armenio organiz\u00f3 oraciones especiales para los santos de la catedral de la Di\u00f3cesis de Damasco para Ortodoxos Armenios. Las oraciones se efectuaron con motivo de 101\u00ba aniversario del genocidio que sufrieron los armenios a manos de los otomanos y que se cobr\u00f3 la vida &hellip;<\/p>\n","protected":false},"author":24,"featured_media":42317,"comment_status":"closed","ping_status":"closed","sticky":false,"template":"","format":"standard","meta":{"footnotes":""},"categories":[477,476],"tags":[],"class_list":["post-42316","post","type-post","status-publish","format-standard","has-post-thumbnail","","category-noticias-edulcorantes","category-locales"],"_links":{"self":[{"href":"https:\/\/archive.sana.sy\/es\/index.php?rest_route=\/wp\/v2\/posts\/42316"}],"collection":[{"href":"https:\/\/archive.sana.sy\/es\/index.php?rest_route=\/wp\/v2\/posts"}],"about":[{"href":"https:\/\/archive.sana.sy\/es\/index.php?rest_route=\/wp\/v2\/types\/post"}],"author":[{"embeddable":true,"href":"https:\/\/archive.sana.sy\/es\/index.php?rest_route=\/wp\/v2\/users\/24"}],"replies":[{"embeddable":true,"href":"https:\/\/archive.sana.sy\/es\/index.php?rest_route=%2Fwp%2Fv2%2Fcomments&post=42316"}],"version-history":[{"count":0,"href":"https:\/\/archive.sana.sy\/es\/index.php?rest_route=\/wp\/v2\/posts\/42316\/revisions"}],"wp:featuredmedia":[{"embeddable":true,"href":"https:\/\/archive.sana.sy\/es\/index.php?rest_route=\/wp\/v2\/media\/42317"}],"wp:attachment":[{"href":"https:\/\/archive.sana.sy\/es\/index.php?rest_route=%2Fwp%2Fv2%2Fmedia&parent=42316"}],"wp:term":[{"taxonomy":"category","embeddable":true,"href":"https:\/\/archive.sana.sy\/es\/index.php?rest_route=%2Fwp%2Fv2%2Fcategories&post=42316"},{"taxonomy":"post_tag","embeddable":true,"href":"https:\/\/archive.sana.sy\/es\/index.php?rest_route=%2Fwp%2Fv2%2Ftags&post=42316"}],"curies":[{"name":"wp","href":"https:\/\/api.w.org\/{rel}","templated":true}]}}