{"id":42334,"date":"2016-04-23T15:09:12","date_gmt":"2016-04-23T12:09:12","guid":{"rendered":"http:\/\/www.sana.sy\/es\/?p=42334"},"modified":"2016-04-23T20:23:32","modified_gmt":"2016-04-23T17:23:32","slug":"presidente-del-parlamento-sirio-recibe-a-una-delegacion-parlamentaria-de-grecia","status":"publish","type":"post","link":"https:\/\/archive.sana.sy\/es\/?p=42334","title":{"rendered":"Presidente del Parlamento sirio recibe a una delegaci\u00f3n parlamentaria de Grecia"},"content":{"rendered":"<p><span style=\"color: #800000\">Damasco, SANA<\/span><\/p>\n<p style=\"text-align: justify\">El presidente de la Asamblea del Pueblo, Mohamad Yihad al-Laham exigi\u00f3 a los pa\u00edses europeos que cambien su pol\u00edtica hacia Siria y dejen de apoyar a las organizaciones terroristas bajo falsos pretextos, tachando el continuo respaldo brindado a estas organizaciones de \u201cuna violaci\u00f3n flagrante del derecho internacional y las normas internacionales\u201d.<\/p>\n<p style=\"text-align: justify\">Al recibir al diputado griego, miembro del Partido \u201cla Alba Dorada\u201d o Chryssi AVGI en griego, Ioannis Sachinidis y la delegaci\u00f3n acompa\u00f1ante, el presidente del Parlamento sirio se\u00f1al\u00f3 que Siria siempre ha advertido de que el terrorismo apoyado por algunos pa\u00edses regionales conocidos, no permanecer\u00e1 en Siria e Irak, sino que se extender\u00e1 a los pa\u00edses vecinos y a Europa, explicando que los terroristas que cometieron los atentados de Par\u00eds y Bruselas fueron alimentados de una ideolog\u00eda wahab\u00ed a manos de organizaciones saud\u00edes que se encuentran en el centro de Europa.<\/p>\n<p style=\"text-align: justify\">Al-Laham subray\u00f3 que los avances del ej\u00e9rcito \u00e1rabe sirio en su guerra contra el terrorismo logrados en cooperaci\u00f3n con los amigos rusos, iran\u00edes y la resistencia libanesa, son una \u201cvictoria para todos los estados civiles del mundo y toda civilizaci\u00f3n humana frente a los criminales y los destructores del patrimonio de la humanidad\u201d.<\/p>\n<p style=\"text-align: justify\">En este contexto, dirigi\u00f3 un llamado a los parlamentarios europeos para ejercer presiones sobre sus gobiernos con la intenci\u00f3n de que adopten una firme postura contra Turqu\u00eda que constituye la ruta principal de los terroristas a Siria y luego a Europa, y que dejen de sacar partido del asunto de los refugiados sirios.<\/p>\n<p style=\"text-align: justify\">Reiter\u00f3 la seria adhesi\u00f3n del Estado sirio a la soluci\u00f3n pol\u00edtica y la lucha contra el terrorismo, denunciando que el otro partido creado por Arabia Saudita est\u00e1 obstaculizando el di\u00e1logo intersirio al poner condiciones inasequibles.<\/p>\n<p style=\"text-align: justify\">Asever\u00f3 que Siria est\u00e1 dispuesta a colaborar con cualquier parte que tenga una seria voluntad para \u201cfrenar esta expansi\u00f3n cancerosa fatal que se ha convertido a una amenaza para todos\u201d.<\/p>\n<p style=\"text-align: justify\">A su vez, el diputado hel\u00e9nico dijo que la visita tiene como objetivo examinar de cerca la situaci\u00f3n en Siria y trasmitir una verdadera imagen de lo que est\u00e1 ocurriendo en esta naci\u00f3n al Parlamento y los medios de comunicaci\u00f3n de Grecia.<\/p>\n<p style=\"text-align: justify\">Sachinidis destac\u00f3 la importancia de determinar los pa\u00edses involucrados en el apoyo del terrorismo en Siria, el cese de este apoyo, resaltando la importancia de elaborar un plan conjunto entre Siria y Grecia para hacer frente a esta amenaza com\u00fan y fortalecer los lazos parlamentarios y de amistad entre ambos pa\u00edses.<\/p>\n<p>Lynn A.<\/p>\n","protected":false},"excerpt":{"rendered":"<p>Damasco, SANA El presidente de la Asamblea del Pueblo, Mohamad Yihad al-Laham exigi\u00f3 a los pa\u00edses europeos que cambien su pol\u00edtica hacia Siria y dejen de apoyar a las organizaciones terroristas bajo falsos pretextos, tachando el continuo respaldo brindado a estas organizaciones de \u201cuna violaci\u00f3n flagrante del derecho internacional y las normas internacionales\u201d. Al recibir &hellip;<\/p>\n","protected":false},"author":24,"featured_media":42335,"comment_status":"closed","ping_status":"closed","sticky":false,"template":"","format":"standard","meta":{"footnotes":""},"categories":[477,597,476,583,7541],"tags":[],"class_list":["post-42334","post","type-post","status-publish","format-standard","has-post-thumbnail","","category-noticias-edulcorantes","category-cinta-de-noticias","category-locales","category-slide","category-ultimas-noticias"],"_links":{"self":[{"href":"https:\/\/archive.sana.sy\/es\/index.php?rest_route=\/wp\/v2\/posts\/42334"}],"collection":[{"href":"https:\/\/archive.sana.sy\/es\/index.php?rest_route=\/wp\/v2\/posts"}],"about":[{"href":"https:\/\/archive.sana.sy\/es\/index.php?rest_route=\/wp\/v2\/types\/post"}],"author":[{"embeddable":true,"href":"https:\/\/archive.sana.sy\/es\/index.php?rest_route=\/wp\/v2\/users\/24"}],"replies":[{"embeddable":true,"href":"https:\/\/archive.sana.sy\/es\/index.php?rest_route=%2Fwp%2Fv2%2Fcomments&post=42334"}],"version-history":[{"count":0,"href":"https:\/\/archive.sana.sy\/es\/index.php?rest_route=\/wp\/v2\/posts\/42334\/revisions"}],"wp:featuredmedia":[{"embeddable":true,"href":"https:\/\/archive.sana.sy\/es\/index.php?rest_route=\/wp\/v2\/media\/42335"}],"wp:attachment":[{"href":"https:\/\/archive.sana.sy\/es\/index.php?rest_route=%2Fwp%2Fv2%2Fmedia&parent=42334"}],"wp:term":[{"taxonomy":"category","embeddable":true,"href":"https:\/\/archive.sana.sy\/es\/index.php?rest_route=%2Fwp%2Fv2%2Fcategories&post=42334"},{"taxonomy":"post_tag","embeddable":true,"href":"https:\/\/archive.sana.sy\/es\/index.php?rest_route=%2Fwp%2Fv2%2Ftags&post=42334"}],"curies":[{"name":"wp","href":"https:\/\/api.w.org\/{rel}","templated":true}]}}