{"id":42431,"date":"2016-04-25T16:17:43","date_gmt":"2016-04-25T13:17:43","guid":{"rendered":"http:\/\/www.sana.sy\/es\/?p=42431"},"modified":"2016-04-25T17:25:40","modified_gmt":"2016-04-25T14:25:40","slug":"lavrov-conversaciones-intersirias-seguiran-desarrollandose-pese-a-la-retirada-temporal-de-algunos-opositores","status":"publish","type":"post","link":"https:\/\/archive.sana.sy\/es\/?p=42431","title":{"rendered":"Lavrov: conversaciones intersirias seguir\u00e1n desarrollandose pese a la retirada temporal de algunos opositores"},"content":{"rendered":"<p><span style=\"color: #800000\">Mosc\u00fa, SANA<\/span><\/p>\n<p>El canciller ruso, Serguei Lavrov subray\u00f3 que el Frente de al-Nousra y el Estado Isl\u00e1mico son organizaciones terroristas y no se puede incluirlas en el acuerdo del cese de acciones de combate en Siria.<\/p>\n<p>En una rueda de prensa con su hom\u00f3logo et\u00edope, el jefe de la diplomacia rusa dijo que Rusia acord\u00f3 con EEUU para sacar a\u00a0los\u00a0que llama \u201coposici\u00f3n moderada\u201d de Alepo, a fin de no obstaculizar\u00a0los operativos contra los terroristas del Frente de al-Nousra , sin embargo el pa\u00eds americano todav\u00eda no ha cumplido sus promesas.<\/p>\n<p>Lavrov tambi\u00e9n se\u00f1al\u00f3 que Rusia est\u00e1 preparando un informe para presentarlo al Consejo de Seguridad de la ONU con el objetivo de ampliar la lista de las organizaciones terroristas en Siria.<\/p>\n<p>Explic\u00f3 que actualmente Rusia est\u00e1 recopilando informaci\u00f3n sobre los grupos que alegaban sumarse a la tregua, pero en la realidad est\u00e1 cooperando con el Frente de al-Nousra\u201d, agregando: &#8220;vamos a resumir los hechos y presentarlos al Consejo de Seguridad de la ONU para modificar las listas de terroristas\u201d.<\/p>\n<p>Asimismo asegur\u00f3 que las conversaciones intersirias de Ginebra seguir\u00e1n desarroll\u00e1ndose sin pausa, pese a que un grupo de opositores hayan suspendido su participaci\u00f3n en las mismas.<\/p>\n<p>El canciller ruso explic\u00f3 que Rusia y EE.UU. ya han puesto en marcha un sistema de control para cualquier acci\u00f3n y operaci\u00f3n militar que se realice en territorio sirio. criticando a la vez las declaraciones del secretario de Estado de EEUU sobre la divisi\u00f3n de Siria en &#8220;zonas de influencia&#8221;, entre Rusia y EEUU, tachando esta idea de superficial, puesto que lo m\u00e1s importante ahora es la lucha contra el terrorismo, asever\u00f3.<\/p>\n<p>&nbsp;<\/p>\n<p>&nbsp;<\/p>\n<p>Lynn A.<\/p>\n","protected":false},"excerpt":{"rendered":"<p>Mosc\u00fa, SANA El canciller ruso, Serguei Lavrov subray\u00f3 que el Frente de al-Nousra y el Estado Isl\u00e1mico son organizaciones terroristas y no se puede incluirlas en el acuerdo del cese de acciones de combate en Siria. En una rueda de prensa con su hom\u00f3logo et\u00edope, el jefe de la diplomacia rusa dijo que Rusia acord\u00f3 &hellip;<\/p>\n","protected":false},"author":24,"featured_media":41184,"comment_status":"closed","ping_status":"closed","sticky":false,"template":"","format":"standard","meta":{"footnotes":""},"categories":[467,7541],"tags":[],"class_list":["post-42431","post","type-post","status-publish","format-standard","has-post-thumbnail","","category-siria-y-el-mundo","category-ultimas-noticias"],"_links":{"self":[{"href":"https:\/\/archive.sana.sy\/es\/index.php?rest_route=\/wp\/v2\/posts\/42431"}],"collection":[{"href":"https:\/\/archive.sana.sy\/es\/index.php?rest_route=\/wp\/v2\/posts"}],"about":[{"href":"https:\/\/archive.sana.sy\/es\/index.php?rest_route=\/wp\/v2\/types\/post"}],"author":[{"embeddable":true,"href":"https:\/\/archive.sana.sy\/es\/index.php?rest_route=\/wp\/v2\/users\/24"}],"replies":[{"embeddable":true,"href":"https:\/\/archive.sana.sy\/es\/index.php?rest_route=%2Fwp%2Fv2%2Fcomments&post=42431"}],"version-history":[{"count":0,"href":"https:\/\/archive.sana.sy\/es\/index.php?rest_route=\/wp\/v2\/posts\/42431\/revisions"}],"wp:featuredmedia":[{"embeddable":true,"href":"https:\/\/archive.sana.sy\/es\/index.php?rest_route=\/wp\/v2\/media\/41184"}],"wp:attachment":[{"href":"https:\/\/archive.sana.sy\/es\/index.php?rest_route=%2Fwp%2Fv2%2Fmedia&parent=42431"}],"wp:term":[{"taxonomy":"category","embeddable":true,"href":"https:\/\/archive.sana.sy\/es\/index.php?rest_route=%2Fwp%2Fv2%2Fcategories&post=42431"},{"taxonomy":"post_tag","embeddable":true,"href":"https:\/\/archive.sana.sy\/es\/index.php?rest_route=%2Fwp%2Fv2%2Ftags&post=42431"}],"curies":[{"name":"wp","href":"https:\/\/api.w.org\/{rel}","templated":true}]}}