{"id":42447,"date":"2016-04-25T17:30:20","date_gmt":"2016-04-25T14:30:20","guid":{"rendered":"http:\/\/www.sana.sy\/es\/?p=42447"},"modified":"2023-01-10T15:29:01","modified_gmt":"2023-01-10T13:29:01","slug":"siria-y-argelia-firman-acta-final-de-las-reuniones-de-la-comision-de-seguimiento-sirio-argelina","status":"publish","type":"post","link":"https:\/\/archive.sana.sy\/es\/?p=42447","title":{"rendered":"Siria y Argelia firman acta final de las reuniones de la Comisi\u00f3n de Seguimiento Sirio-argelina"},"content":{"rendered":"<p><span style=\"color: #800000\">Damasco, SANA<\/span><\/p>\n<p>El ministro de Econom\u00eda y Comercio Exterior, Dr. Humam al-Yazairi, y el ministro argelino de Asuntos Magreb\u00edes, Africanos y \u00c1rabes Abdul Qader Messahel firmaron el acta final de las reuniones de la Comisi\u00f3n de Seguimiento Sirio-argelina, la cual concreta el marco general de la cooperaci\u00f3n conjunta en todos los \u00e1mbitos, sobre todo en lo comercial, industrial y cient\u00edfico.<\/p>\n<p>El ministro al-Yazairi subray\u00f3 la importancia de reforzar las relaciones entre Siria y Argelia por el bien de los dos pueblos hermanos, e hizo alusi\u00f3n a las posturas argelinas de apoyo a Siria y a los estrechos lazos que unen entre los pueblos de ambos pa\u00edses.<\/p>\n<p>Por su parte el ministro Messahel destac\u00f3 que ambas lados configurar\u00e1n los principales ejes de cooperaci\u00f3n bilateral, as\u00ed como elaborar\u00e1n una hoja de ruta para la acci\u00f3n futura.<\/p>\n<p>El titular reafirm\u00f3 que \u201cArgelia continuar\u00e1 apoyando a Siria en su lucha antiterrorista, y se solidariza con ella frente a la agresi\u00f3n que afecta a todas las capas de la sociedad siria y se propone destruir los pilares del Estado\u201d.<\/p>\n<p>&nbsp;<\/p>\n<p>&nbsp;<\/p>\n<p>Riyad Sh., Lynn A.<\/p>\n","protected":false},"excerpt":{"rendered":"<p>Damasco, SANA El ministro de Econom\u00eda y Comercio Exterior, Dr. Humam al-Yazairi, y el ministro argelino de Asuntos Magreb\u00edes, Africanos y \u00c1rabes Abdul Qader Messahel firmaron el acta final de las reuniones de la Comisi\u00f3n de Seguimiento Sirio-argelina, la cual concreta el marco general de la cooperaci\u00f3n conjunta en todos los \u00e1mbitos, sobre todo en &hellip;<\/p>\n","protected":false},"author":24,"featured_media":42448,"comment_status":"closed","ping_status":"closed","sticky":false,"template":"","format":"standard","meta":{"footnotes":""},"categories":[447,597,485,7541],"tags":[],"class_list":["post-42447","post","type-post","status-publish","format-standard","has-post-thumbnail","","category-local-politica","category-cinta-de-noticias","category-informes-negocios-y-finanzas","category-ultimas-noticias"],"_links":{"self":[{"href":"https:\/\/archive.sana.sy\/es\/index.php?rest_route=\/wp\/v2\/posts\/42447"}],"collection":[{"href":"https:\/\/archive.sana.sy\/es\/index.php?rest_route=\/wp\/v2\/posts"}],"about":[{"href":"https:\/\/archive.sana.sy\/es\/index.php?rest_route=\/wp\/v2\/types\/post"}],"author":[{"embeddable":true,"href":"https:\/\/archive.sana.sy\/es\/index.php?rest_route=\/wp\/v2\/users\/24"}],"replies":[{"embeddable":true,"href":"https:\/\/archive.sana.sy\/es\/index.php?rest_route=%2Fwp%2Fv2%2Fcomments&post=42447"}],"version-history":[{"count":0,"href":"https:\/\/archive.sana.sy\/es\/index.php?rest_route=\/wp\/v2\/posts\/42447\/revisions"}],"wp:featuredmedia":[{"embeddable":true,"href":"https:\/\/archive.sana.sy\/es\/index.php?rest_route=\/wp\/v2\/media\/42448"}],"wp:attachment":[{"href":"https:\/\/archive.sana.sy\/es\/index.php?rest_route=%2Fwp%2Fv2%2Fmedia&parent=42447"}],"wp:term":[{"taxonomy":"category","embeddable":true,"href":"https:\/\/archive.sana.sy\/es\/index.php?rest_route=%2Fwp%2Fv2%2Fcategories&post=42447"},{"taxonomy":"post_tag","embeddable":true,"href":"https:\/\/archive.sana.sy\/es\/index.php?rest_route=%2Fwp%2Fv2%2Ftags&post=42447"}],"curies":[{"name":"wp","href":"https:\/\/api.w.org\/{rel}","templated":true}]}}