{"id":42476,"date":"2016-04-26T19:51:47","date_gmt":"2016-04-26T16:51:47","guid":{"rendered":"http:\/\/sana.sy\/es\/?p=42476"},"modified":"2016-04-26T20:15:38","modified_gmt":"2016-04-26T17:15:38","slug":"fuerzas-armadas-lanzan-ataques-aereos-y-artilleros-contra-sedes-de-los-terroristas-del-frente-al-nousra-y-el-ei","status":"publish","type":"post","link":"https:\/\/archive.sana.sy\/es\/?p=42476","title":{"rendered":"Fuerzas Armadas lanzan ataques a\u00e9reos y artilleros contra sedes de los terroristas del Frente al Nousra y el EI"},"content":{"rendered":"<div><span style=\"color: #800000\">Provincias, SANA<\/span><\/div>\n<div><\/div>\n<div>\n<div style=\"text-align: justify\"><span lang=\"ES-TRAD\">Exitosos operativos antiterroristas del Ej\u00e9rcito y las Fuerzas Armadas han dejado a decenas de terroristas entre muertos o heridos, adem\u00e1s de la destrucci\u00f3n de su maquinaria b\u00e9lica.<\/span><\/div>\n<div style=\"text-align: justify\"><span lang=\"ES-TRAD\">\u00a0<\/span><\/div>\n<div style=\"text-align: justify\"><span lang=\"ES-TRAD\" style=\"color: #0000ff\">Deraa<\/span><\/div>\n<div style=\"text-align: justify\"><span lang=\"ES-TRAD\">\u00a0<\/span><\/div>\n<div style=\"text-align: justify\"><span lang=\"ES-TRAD\">En el distrito de Manshyah de la ciudad de Deraa, el ej\u00e9rcito infligi\u00f3 colosales p\u00e9rdidas en las filas de los grupos terroristas del Frente al Nousra, que se atrincheran en el mencionado barrio y toman a los civiles como escudos humanos.<\/span><\/div>\n<div style=\"text-align: justify\"><span lang=\"ES-TRAD\">\u00a0<\/span><\/div>\n<div style=\"text-align: justify\"><span lang=\"ES-TRAD\">Debido a su cercan\u00eda de la frontera con Jordania, el mencionado barrio se usa como punto de partida para los ataques terroristas contra el Ej\u00e9rcito, adem\u00e1s de ser un punto importante para el contrabando de armas y mercenarios.<\/span><\/div>\n<div style=\"text-align: justify\">\n<p>Seg\u00fan inform\u00f3 una fuente militar, unidades del ej\u00e9rcito destruyeron tres ca\u00f1ones de mortero del \u201cFrente al-Nusra\u201d en los barrios de al-Arbain, al-Karek y en el campamento de al-Nazihin en Deraa al-Balad.<\/p>\n<p>Asimismo, unidades militares lanzaron operaciones especiales contra sedes terroristas en la parte sure\u00f1a del barrio al-Mansiyah.<\/p>\n<\/div>\n<div style=\"text-align: justify\"><span lang=\"ES-TRAD\">\u00a0\u00a0\u00a0\u00a0<\/span><\/div>\n<div style=\"text-align: justify\"><span style=\"color: #0000ff\"><span lang=\"ES-TRAD\">\u00a0<\/span><span lang=\"ES-TRAD\">Deir Ezzor<\/span><\/span><\/div>\n<div style=\"text-align: justify\"><span lang=\"ES-TRAD\">\u00a0<\/span><\/div>\n<div style=\"text-align: justify\"><span lang=\"ES-TRAD\">En la regi\u00f3n oriental del pa\u00eds, las Fuerzas Armadas han repelado nuevos ataques de los terroristas del Estado Isl\u00e1mico en la provincia de Deir Ezzor.<\/span><\/div>\n<div style=\"text-align: justify\"><span lang=\"ES-TRAD\">\u00a0<\/span><\/div>\n<div style=\"text-align: justify\"><span lang=\"ES-TRAD\">Seg\u00fan confirm\u00f3 una fuente militar, la Fuerza A\u00e9rea destruy\u00f3 veh\u00edculos y maquinaria b\u00e9lica de los terroristas del EI en este y sur del aeropuerto de Deir Ezzor.<\/span><\/div>\n<div style=\"text-align: justify\"><span lang=\"ES-TRAD\">\u00a0<\/span><\/div>\n<div style=\"text-align: justify\"><span lang=\"ES-TRAD\" style=\"color: #0000ff\">Sweida<\/span><\/div>\n<div style=\"text-align: justify\"><span lang=\"ES-TRAD\">\u00a0<\/span><\/div>\n<div style=\"text-align: justify\"><span lang=\"ES-TRAD\">En el sur del pa\u00eds, una fuente militar declar\u00f3 que las operaciones del Ej\u00e9rcito y de los Grupos de Defensa del Pueblo contin\u00faan para cortar las rutas de suministro procedentes de Irak y Jordania para los terroristas en la estepa siria.<\/span><\/div>\n<div style=\"text-align: justify\"><span lang=\"ES-TRAD\">\u00a0<\/span><\/div>\n<div style=\"text-align: justify\"><span lang=\"ES-TRAD\">La fuente agreg\u00f3 que una unidad del Ej\u00e9rcito bombarde\u00f3 con artiller\u00eda a sitios y fortificaciones de los terroristas del EI en las colinas de Fadyen en el campo nordeste de Sweida, dejando a varios terroristas muertos adem\u00e1s de la destrucci\u00f3n de sus armas.<\/span><\/div>\n<div style=\"text-align: justify\"><span lang=\"ES-TRAD\">\u00a0<\/span><\/div>\n<div style=\"text-align: justify\"><span lang=\"ES-TRAD\">Los terroristas del EI se aprovechan de las vastas zonas des\u00e9rticas en el este de Sweida para el contrabando de armas y la infiltraci\u00f3n de mercenarios terroristas desde Jordania e Irak.<\/span><\/div>\n<div style=\"text-align: justify\"><span lang=\"ES-TRAD\">\u00a0<\/span><\/div>\n<div style=\"text-align: justify\"><span lang=\"ES-TRAD\" style=\"color: #0000ff\">Homs<\/span><\/div>\n<div style=\"text-align: justify\"><span lang=\"ES-TRAD\">\u00a0<\/span><\/div>\n<div style=\"text-align: justify\">En el centro del pa\u00eds, unidades militares eliminaron a varios terroristas de la banda takfirista del Estado Isl\u00e1mico, en el este y norte de Palmira.<\/p>\n<p>De igual manera, el Ej\u00e9rcito abri\u00f3 el fuego de sus armas medianas y pesadas contra grupos terroristas que intentaron atacar las posiciones del ej\u00e9rcito en las inmediaciones de las localidades de Ter Mala y Talbiseh al norte de Homs.<\/p>\n<p>Fady M., Lynn A., M Miri.<\/p><\/div>\n<\/div>\n<div>\n<div class=\"yj6qo ajU\">\n<div id=\":ye\" class=\"ajR\"><img decoding=\"async\" class=\"ajT\" src=\"https:\/\/ssl.gstatic.com\/ui\/v1\/icons\/mail\/images\/cleardot.gif\" \/><\/div>\n<\/div>\n<\/div>\n","protected":false},"excerpt":{"rendered":"<p>Provincias, SANA Exitosos operativos antiterroristas del Ej\u00e9rcito y las Fuerzas Armadas han dejado a decenas de terroristas entre muertos o heridos, adem\u00e1s de la destrucci\u00f3n de su maquinaria b\u00e9lica. \u00a0 Deraa \u00a0 En el distrito de Manshyah de la ciudad de Deraa, el ej\u00e9rcito infligi\u00f3 colosales p\u00e9rdidas en las filas de los grupos terroristas del &hellip;<\/p>\n","protected":false},"author":24,"featured_media":42477,"comment_status":"closed","ping_status":"closed","sticky":false,"template":"","format":"standard","meta":{"footnotes":""},"categories":[573,583,7541],"tags":[],"class_list":["post-42476","post","type-post","status-publish","format-standard","has-post-thumbnail","","category-la-realidad-de-los-acontecimientos-en-siria","category-slide","category-ultimas-noticias"],"_links":{"self":[{"href":"https:\/\/archive.sana.sy\/es\/index.php?rest_route=\/wp\/v2\/posts\/42476"}],"collection":[{"href":"https:\/\/archive.sana.sy\/es\/index.php?rest_route=\/wp\/v2\/posts"}],"about":[{"href":"https:\/\/archive.sana.sy\/es\/index.php?rest_route=\/wp\/v2\/types\/post"}],"author":[{"embeddable":true,"href":"https:\/\/archive.sana.sy\/es\/index.php?rest_route=\/wp\/v2\/users\/24"}],"replies":[{"embeddable":true,"href":"https:\/\/archive.sana.sy\/es\/index.php?rest_route=%2Fwp%2Fv2%2Fcomments&post=42476"}],"version-history":[{"count":0,"href":"https:\/\/archive.sana.sy\/es\/index.php?rest_route=\/wp\/v2\/posts\/42476\/revisions"}],"wp:featuredmedia":[{"embeddable":true,"href":"https:\/\/archive.sana.sy\/es\/index.php?rest_route=\/wp\/v2\/media\/42477"}],"wp:attachment":[{"href":"https:\/\/archive.sana.sy\/es\/index.php?rest_route=%2Fwp%2Fv2%2Fmedia&parent=42476"}],"wp:term":[{"taxonomy":"category","embeddable":true,"href":"https:\/\/archive.sana.sy\/es\/index.php?rest_route=%2Fwp%2Fv2%2Fcategories&post=42476"},{"taxonomy":"post_tag","embeddable":true,"href":"https:\/\/archive.sana.sy\/es\/index.php?rest_route=%2Fwp%2Fv2%2Ftags&post=42476"}],"curies":[{"name":"wp","href":"https:\/\/api.w.org\/{rel}","templated":true}]}}