{"id":42496,"date":"2016-04-26T17:24:17","date_gmt":"2016-04-26T14:24:17","guid":{"rendered":"http:\/\/www.sana.sy\/es\/?p=42496"},"modified":"2016-04-26T19:55:38","modified_gmt":"2016-04-26T16:55:38","slug":"siria-renueva-llamados-a-la-comunidad-internacional-para-aunar-esfuerzos-contra-el-terrorismo","status":"publish","type":"post","link":"https:\/\/archive.sana.sy\/es\/?p=42496","title":{"rendered":"Siria renueva llamados a la comunidad internacional para aunar esfuerzos contra el terrorismo"},"content":{"rendered":"<p><span style=\"color: #800000\">Damasco, SANA<\/span><\/p>\n<p style=\"text-align: justify\">La Canciller\u00eda siria emiti\u00f3 este martes un comunicado de prensa en el que conden\u00f3 en\u00e9rgicamente los atentados terroristas que se produjeron recientemente en Alepo y Damasco, resaltando que tales actos terroristas no lograr\u00e1n obstaculizar su acci\u00f3n contra el terrorismo y sus esfuerzos encaminados a encontrar\u00a0una soluci\u00f3n pol\u00edtica de la crisis mediante el di\u00e1logo intersirio.<\/p>\n<p style=\"text-align: justify\">Explic\u00f3 que los grupos terroristas vinculados con el Estado Isl\u00e1mico y el Frente de al-Nousra han recrudecido durante los \u00faltimos d\u00edas sus atentados terroristas contra los civiles en diferentes zonas sirias.<\/p>\n<p style=\"text-align: justify\">Denunci\u00f3 que las continuas violaciones del acuerdo del cese de acciones de combate por los grupos terroristas no se hubieran cometido si la comunidad internacional hab\u00eda asumido su responsabilidad de condenar tales acciones terroristas.<\/p>\n<p style=\"text-align: justify\">La inacci\u00f3n del Consejo de Seguridad de la ONU en materia de la lucha contra el terrorismo y de la adopci\u00f3n\u00a0de medidas disuasorias contra los reg\u00edmenes y estados que apoyan y financian a los grupos terroristas, ha dado oportunidad a los reg\u00edmenes turco y saud\u00ed para que contin\u00faen su apoyo al terrorismo, el derramamiento de la sangre siria y la manipulaci\u00f3n con la seguridad y paz tanto \u00a0regiional como internacional.<\/p>\n<p style=\"text-align: justify\">Aclar\u00f3 que los terroristas atacaron ayer el lunes, 25 de abril, la ciudad de Alepo con decenas de misiles y bombonas de gas, y con el llamado Ca\u00f1\u00f3n del Infierno, causando la muerte de 16 personas y heridas a 86 otras, ni\u00f1os y mujeres y ancianos en su gran mayor\u00eda. Asimismo un coche bomba manejado por su terrorista suicida afiliado a la organizaci\u00f3n del EI atac\u00f3\u00a0la entrada de la localidad de al-Zyabiya en la provincia de Damasco-campo, dejando 12 v\u00edctimas mortales y 18 heridos.<\/p>\n<p style=\"text-align: justify\">Continu\u00f3 que las ciudades de Damasco y Alepo han\u00a0sido blanco el s\u00e1bado 23 y el domingo 24 del mes en curso de atentados\u00a0terroristas con misiles, obuses de mortero y bombonas de gas, lo que ocasion\u00f3 11 m\u00e1rtires y 59 heridos, entre ellos ni\u00f1os y mujeres.<\/p>\n<p style=\"text-align: justify\">Concluyendo su comunicado, la Canciller\u00eda subray\u00f3 que el gobierno sirio exige en este marco a todos los pa\u00edses que a\u00fanen esfuerzos contra el terrorismo que se ha convertido a\u00a0un peligro no solamente para Siria sino tambi\u00e9n a todo el mundo.<\/p>\n<p>&nbsp;<br \/>\nLynn A.<\/p>\n","protected":false},"excerpt":{"rendered":"<p>Damasco, SANA La Canciller\u00eda siria emiti\u00f3 este martes un comunicado de prensa en el que conden\u00f3 en\u00e9rgicamente los atentados terroristas que se produjeron recientemente en Alepo y Damasco, resaltando que tales actos terroristas no lograr\u00e1n obstaculizar su acci\u00f3n contra el terrorismo y sus esfuerzos encaminados a encontrar\u00a0una soluci\u00f3n pol\u00edtica de la crisis mediante el di\u00e1logo &hellip;<\/p>\n","protected":false},"author":24,"featured_media":35062,"comment_status":"closed","ping_status":"closed","sticky":false,"template":"","format":"standard","meta":{"footnotes":""},"categories":[477,597,476,583,7541],"tags":[],"class_list":["post-42496","post","type-post","status-publish","format-standard","has-post-thumbnail","","category-noticias-edulcorantes","category-cinta-de-noticias","category-locales","category-slide","category-ultimas-noticias"],"_links":{"self":[{"href":"https:\/\/archive.sana.sy\/es\/index.php?rest_route=\/wp\/v2\/posts\/42496"}],"collection":[{"href":"https:\/\/archive.sana.sy\/es\/index.php?rest_route=\/wp\/v2\/posts"}],"about":[{"href":"https:\/\/archive.sana.sy\/es\/index.php?rest_route=\/wp\/v2\/types\/post"}],"author":[{"embeddable":true,"href":"https:\/\/archive.sana.sy\/es\/index.php?rest_route=\/wp\/v2\/users\/24"}],"replies":[{"embeddable":true,"href":"https:\/\/archive.sana.sy\/es\/index.php?rest_route=%2Fwp%2Fv2%2Fcomments&post=42496"}],"version-history":[{"count":0,"href":"https:\/\/archive.sana.sy\/es\/index.php?rest_route=\/wp\/v2\/posts\/42496\/revisions"}],"wp:featuredmedia":[{"embeddable":true,"href":"https:\/\/archive.sana.sy\/es\/index.php?rest_route=\/wp\/v2\/media\/35062"}],"wp:attachment":[{"href":"https:\/\/archive.sana.sy\/es\/index.php?rest_route=%2Fwp%2Fv2%2Fmedia&parent=42496"}],"wp:term":[{"taxonomy":"category","embeddable":true,"href":"https:\/\/archive.sana.sy\/es\/index.php?rest_route=%2Fwp%2Fv2%2Fcategories&post=42496"},{"taxonomy":"post_tag","embeddable":true,"href":"https:\/\/archive.sana.sy\/es\/index.php?rest_route=%2Fwp%2Fv2%2Ftags&post=42496"}],"curies":[{"name":"wp","href":"https:\/\/api.w.org\/{rel}","templated":true}]}}