{"id":42503,"date":"2016-04-26T18:13:11","date_gmt":"2016-04-26T15:13:11","guid":{"rendered":"http:\/\/www.sana.sy\/es\/?p=42503"},"modified":"2016-04-26T19:57:56","modified_gmt":"2016-04-26T16:57:56","slug":"presidente-del-parlamento-se-reune-con-el-senador-estadounidense-richard-black","status":"publish","type":"post","link":"https:\/\/archive.sana.sy\/es\/?p=42503","title":{"rendered":"Presidente del Parlamento\u00a0se re\u00fane con el senador estadounidense Richard Black"},"content":{"rendered":"<p><span style=\"color: #800000\">Damasco, SANA<\/span><\/p>\n<p style=\"text-align: justify\">El presidente de la Asamblea del Pueblo, Mohamad Yihad al-Laham debati\u00f3 este martes con el senador estadounidense, Richard Black, los \u00faltimos acontecimientos pol\u00edticos en la regi\u00f3n, los esfuerzos desempe\u00f1ados en materia de la lucha contra el terrorismo, as\u00ed como el impacto del injusto embargo\u00a0econ\u00f3mico en el pueblo sirio.<\/p>\n<p style=\"text-align: justify\">Black destac\u00f3 que lo que est\u00e1 ocurriendo en Siria hoy en d\u00eda tiene repercusiones sobre el futuro de las civilizaciones del mundo. \u201cPese a ser un pa\u00eds peque\u00f1o [Siria], sin embargo representa\u00a0un estado central en la regi\u00f3n\u201d, enfatiz\u00f3 el senador norteamericano.<\/p>\n<p style=\"text-align: justify\">Se\u00f1al\u00f3 que las operaciones de la aviaci\u00f3n militar rusa en Siria han producido grandes\u00a0cambios, expresando su optimismo por el triunfo del ej\u00e9rcito sirio en su batalla definitiva contra el terrorismo.<\/p>\n<p style=\"text-align: justify\">Asegur\u00f3\u00a0que se esforzar\u00e1 para cambiar la opini\u00f3n del Congreso de EEUU respecto a lo que est\u00e1 ocurriendo en Siria y para reabrir la Embajada de su pa\u00eds en la mismo.<\/p>\n<p style=\"text-align: justify\">Calific\u00f3 de \u201cun milagro\u201d la resistencia de Siria a todas las fuerzas internacionales estadounidenses y europeos.<\/p>\n<p style=\"text-align: justify\">A su vez, al-Laham subray\u00f3 que Siria est\u00e1 luchando contra el terrorismo en el lugar de todo el mundo, resaltando la importancia de desenmascarar a los pa\u00edses brindan apoyo financiero y armament\u00edstico a los terroristas, y poner fin a esta actitud suya.<\/p>\n<p style=\"text-align: justify\">Explic\u00f3 que muchos pa\u00edses al adoptar pol\u00edticas ya sea\u00a0intencionadas o err\u00f3neas, participan en la difusi\u00f3n del extremismo, el terrorismo y el caos en el mundo.<\/p>\n<p style=\"text-align: justify\">Manifest\u00f3 que EEUU no tiene una seria voluntad a la hora de luchar contra el terrorismo, pese a la Coalici\u00f3n &#8220;show&#8221; que est\u00e1 liderando contra la organizaci\u00f3n terrorista del Estado Isl\u00e1mico, la cual\u00a0no ha aportado ning\u00fan resultado en el terreno.<\/p>\n<p style=\"text-align: justify\">El presidente del Parlamento sirio alab\u00f3 las posturas objetivas del senador estadounidense contra la guerra terrorista que sufre Siria hace cinco a\u00f1os.<\/p>\n<p><img loading=\"lazy\" decoding=\"async\" class=\"aligncenter size-medium wp-image-42504\" src=\"http:\/\/www.sana.sy\/es\/wp-content\/uploads\/2016\/04\/declaraciones-de-Black-300x168.jpg\" alt=\"declaraciones de Black\" width=\"300\" height=\"168\" srcset=\"https:\/\/archive.sana.sy\/es\/wp-content\/uploads\/2016\/04\/declaraciones-de-Black.jpg 300w, https:\/\/archive.sana.sy\/es\/wp-content\/uploads\/2016\/04\/declaraciones-de-Black-150x84.jpg 150w\" sizes=\"(max-width: 300px) 100vw, 300px\" \/><\/p>\n<p style=\"text-align: justify\">Tras arribar a Damasco hoy el martes, el senador estadounidense cuya visita a Siria durar\u00e1 tres d\u00edas, declar\u00f3 a SANA que los terroristas est\u00e1n combatiendo al pueblo sirio y su gobierno leg\u00edtimo, agregando que los \u201cmilicianos moderados\u201d de los que habla EEUU &#8220;no existen&#8221;.<\/p>\n<p style=\"text-align: justify\">Asimismo sostuvo que el presidente Bashar al-Assad busca crear un estado desarrollado, moderno y secular.<\/p>\n<p>&nbsp;<\/p>\n<p>&nbsp;<\/p>\n<p>Lynn A.<\/p>\n","protected":false},"excerpt":{"rendered":"<p>Damasco, SANA El presidente de la Asamblea del Pueblo, Mohamad Yihad al-Laham debati\u00f3 este martes con el senador estadounidense, Richard Black, los \u00faltimos acontecimientos pol\u00edticos en la regi\u00f3n, los esfuerzos desempe\u00f1ados en materia de la lucha contra el terrorismo, as\u00ed como el impacto del injusto embargo\u00a0econ\u00f3mico en el pueblo sirio. Black destac\u00f3 que lo que &hellip;<\/p>\n","protected":false},"author":24,"featured_media":42505,"comment_status":"closed","ping_status":"closed","sticky":false,"template":"","format":"standard","meta":{"footnotes":""},"categories":[477,597,476,7541],"tags":[],"class_list":["post-42503","post","type-post","status-publish","format-standard","has-post-thumbnail","","category-noticias-edulcorantes","category-cinta-de-noticias","category-locales","category-ultimas-noticias"],"_links":{"self":[{"href":"https:\/\/archive.sana.sy\/es\/index.php?rest_route=\/wp\/v2\/posts\/42503"}],"collection":[{"href":"https:\/\/archive.sana.sy\/es\/index.php?rest_route=\/wp\/v2\/posts"}],"about":[{"href":"https:\/\/archive.sana.sy\/es\/index.php?rest_route=\/wp\/v2\/types\/post"}],"author":[{"embeddable":true,"href":"https:\/\/archive.sana.sy\/es\/index.php?rest_route=\/wp\/v2\/users\/24"}],"replies":[{"embeddable":true,"href":"https:\/\/archive.sana.sy\/es\/index.php?rest_route=%2Fwp%2Fv2%2Fcomments&post=42503"}],"version-history":[{"count":0,"href":"https:\/\/archive.sana.sy\/es\/index.php?rest_route=\/wp\/v2\/posts\/42503\/revisions"}],"wp:featuredmedia":[{"embeddable":true,"href":"https:\/\/archive.sana.sy\/es\/index.php?rest_route=\/wp\/v2\/media\/42505"}],"wp:attachment":[{"href":"https:\/\/archive.sana.sy\/es\/index.php?rest_route=%2Fwp%2Fv2%2Fmedia&parent=42503"}],"wp:term":[{"taxonomy":"category","embeddable":true,"href":"https:\/\/archive.sana.sy\/es\/index.php?rest_route=%2Fwp%2Fv2%2Fcategories&post=42503"},{"taxonomy":"post_tag","embeddable":true,"href":"https:\/\/archive.sana.sy\/es\/index.php?rest_route=%2Fwp%2Fv2%2Ftags&post=42503"}],"curies":[{"name":"wp","href":"https:\/\/api.w.org\/{rel}","templated":true}]}}