{"id":42507,"date":"2016-04-26T18:45:28","date_gmt":"2016-04-26T15:45:28","guid":{"rendered":"http:\/\/www.sana.sy\/es\/?p=42507"},"modified":"2016-04-26T19:56:56","modified_gmt":"2016-04-26T16:56:56","slug":"primer-ministro-desmiente-rumores-contra-economia-nacional","status":"publish","type":"post","link":"https:\/\/archive.sana.sy\/es\/?p=42507","title":{"rendered":"Primer Ministro desmiente rumores contra econom\u00eda nacional"},"content":{"rendered":"<p><span style=\"color: #800000\">Damasco, SANA<\/span><\/p>\n<p style=\"text-align: justify\">El gabinete sostuvo este martes su sesi\u00f3n semanal en la que los ministros examinaron varios temas econ\u00f3micos y de servicios.<\/p>\n<p style=\"text-align: justify\">Al iniciar la sesi\u00f3n, el gabinete expres\u00f3 su en\u00e9rgica condena a los ataques terroristas que azotaron recientemente varias\u00a0ciudades y localidades sirias, donde el primer ministro se\u00f1al\u00f3 que estas acciones terroristas son una reacci\u00f3n a\u00a0las victorias logradas por el\u00a0ej\u00e9rcito sirio.<\/p>\n<p style=\"text-align: justify\">El jefe del Estado subray\u00f3 que la reserva de divisas de Siria se est\u00e1 fortaleciendo a diario, aludiendo que millones de d\u00f3lares estadounidenses afluyen al Banco Central de Siria, monto que est\u00e1 aumentando cada vez m\u00e1s a trav\u00e9s de la activaci\u00f3n del proceso de producci\u00f3n y exportaci\u00f3n.<\/p>\n<p style=\"text-align: justify\">En este marco, desminti\u00f3 los \u00faltimos rumores contra la moneda nacional, asegurando que la econom\u00eda siria mantiene su estabilidad.<\/p>\n<p style=\"text-align: justify\">Aludi\u00f3 a los proyectos de servicio y fomento que inaugur\u00f3 hace pocos d\u00edas en Damasco-campo, Latakia y Tartous, con un valor total de 37 mil millones de libras sirias.<\/p>\n<p style=\"text-align: justify\">Al-Halqui felicit\u00f3 a los obreros sirios con motivo del venidero D\u00eda Internacional de Trabajadores, que cae el 1\u00a0de mayo, manifestando que gracias a los esfuerzos de estos mismos el proceso de producci\u00f3n sigue en marcha y la econom\u00eda nacional ha logrado\u00a0resistir el injusto embargo econ\u00f3mico impuesto sobre el pa\u00eds.<\/p>\n<p style=\"text-align: justify\">El Ministro del Interior puso al gabinete al tanto de los resultados de las investigaciones iniciales sobre el gran incendio que se produjo el s\u00e1bado pasado en la zona comercial de al-Asruniyeh en la ciudad antigua de Damasco.<\/p>\n<p style=\"text-align: justify\">Asimismo, el titular de Industria ofreci\u00f3 una nota en la que explic\u00f3 la situaci\u00f3n actual del sector industrial nacional, los da\u00f1os que sufrieron las f\u00e1bricas sirias a manos del terrorismo, y los esfuerzos destinados a reparar y rehabilitar estas instalaciones para activar la producci\u00f3n.<\/p>\n<p>Lynn A.<\/p>\n","protected":false},"excerpt":{"rendered":"<p>Damasco, SANA El gabinete sostuvo este martes su sesi\u00f3n semanal en la que los ministros examinaron varios temas econ\u00f3micos y de servicios. Al iniciar la sesi\u00f3n, el gabinete expres\u00f3 su en\u00e9rgica condena a los ataques terroristas que azotaron recientemente varias\u00a0ciudades y localidades sirias, donde el primer ministro se\u00f1al\u00f3 que estas acciones terroristas son una reacci\u00f3n &hellip;<\/p>\n","protected":false},"author":24,"featured_media":31907,"comment_status":"closed","ping_status":"closed","sticky":false,"template":"","format":"standard","meta":{"footnotes":""},"categories":[477,597,476,7541],"tags":[],"class_list":["post-42507","post","type-post","status-publish","format-standard","has-post-thumbnail","","category-noticias-edulcorantes","category-cinta-de-noticias","category-locales","category-ultimas-noticias"],"_links":{"self":[{"href":"https:\/\/archive.sana.sy\/es\/index.php?rest_route=\/wp\/v2\/posts\/42507"}],"collection":[{"href":"https:\/\/archive.sana.sy\/es\/index.php?rest_route=\/wp\/v2\/posts"}],"about":[{"href":"https:\/\/archive.sana.sy\/es\/index.php?rest_route=\/wp\/v2\/types\/post"}],"author":[{"embeddable":true,"href":"https:\/\/archive.sana.sy\/es\/index.php?rest_route=\/wp\/v2\/users\/24"}],"replies":[{"embeddable":true,"href":"https:\/\/archive.sana.sy\/es\/index.php?rest_route=%2Fwp%2Fv2%2Fcomments&post=42507"}],"version-history":[{"count":0,"href":"https:\/\/archive.sana.sy\/es\/index.php?rest_route=\/wp\/v2\/posts\/42507\/revisions"}],"wp:featuredmedia":[{"embeddable":true,"href":"https:\/\/archive.sana.sy\/es\/index.php?rest_route=\/wp\/v2\/media\/31907"}],"wp:attachment":[{"href":"https:\/\/archive.sana.sy\/es\/index.php?rest_route=%2Fwp%2Fv2%2Fmedia&parent=42507"}],"wp:term":[{"taxonomy":"category","embeddable":true,"href":"https:\/\/archive.sana.sy\/es\/index.php?rest_route=%2Fwp%2Fv2%2Fcategories&post=42507"},{"taxonomy":"post_tag","embeddable":true,"href":"https:\/\/archive.sana.sy\/es\/index.php?rest_route=%2Fwp%2Fv2%2Ftags&post=42507"}],"curies":[{"name":"wp","href":"https:\/\/api.w.org\/{rel}","templated":true}]}}