{"id":42646,"date":"2016-04-28T12:48:59","date_gmt":"2016-04-28T09:48:59","guid":{"rendered":"http:\/\/www.sana.sy\/es\/?p=42646"},"modified":"2016-05-01T20:28:39","modified_gmt":"2016-05-01T17:28:39","slug":"asciende-a-nueve-la-cifra-de-victimas-mortales-por-los-ataques-terroristas-contra-alepo","status":"publish","type":"post","link":"https:\/\/archive.sana.sy\/es\/?p=42646","title":{"rendered":"Asciende a 22 la cifra de v\u00edctimas mortales por los ataques terroristas contra Alepo"},"content":{"rendered":"<div style=\"text-align: justify\"><span lang=\"ES-TRAD\" style=\"color: #800000\">Alepo, SANA<\/span><\/div>\n<div style=\"text-align: justify\"><span lang=\"ES-TRAD\">\u00a0<\/span><\/div>\n<div style=\"text-align: justify\"><span lang=\"ES-TRAD\">Varios civiles, entre ellos dos ni\u00f1os, perecieron este jueves en una nueva jornada de ataques terroristas contra la ciudad de Alepo.<\/span><\/div>\n<div style=\"text-align: justify\"><span lang=\"ES-TRAD\">\u00a0<\/span><\/div>\n<div style=\"text-align: justify\"><span lang=\"ES-TRAD\">Seg\u00fan una fuente en la gobernaci\u00f3n de Alepo, cuatro civiles perdieron la vida e igual n\u00famero resultaron heridos en ataques terroristas con morteros y cohetes contra los distritos de Mirydian y Mashargah de la ciudad de Alepo.<\/span><\/div>\n<div style=\"text-align: justify\"><span lang=\"ES-TRAD\">\u00a0<\/span><\/div>\n<div style=\"text-align: justify\"><span lang=\"ES-TRAD\">En los barrios de Midan, Ashrafiyah y Sadalah Yaberi, el impacto de varios proyectiles dej\u00f3 a\u00a014 civiles muertos, entre ellos dos ni\u00f1os y 50 heridos.<\/span><\/div>\n<div style=\"text-align: justify\"><\/div>\n<div style=\"text-align: justify\">La fuente agreg\u00f3 que las organizaciones terroristas lanzaron misiles contra los barrios de Muhafatha y Yamilieh lo que result\u00f3 en la muerte de 4 personas y heridas a otras 38, adem\u00e1s de ocasionar da\u00f1os materiales en las casas de los ciudadanos.<\/div>\n<div style=\"text-align: justify\"><\/div>\n<div style=\"text-align: justify\"><span lang=\"ES-TRAD\">Ayer mi\u00e9rcoles, unos 10 civiles murieron y 20 resultaron lesionados por el impacto de proyectiles y cohetes disparados por terroristas contra varios barrios de Alepo.<\/span><\/div>\n<div style=\"text-align: justify\"><\/div>\n<div style=\"text-align: justify\"><\/div>\n<div style=\"text-align: justify\"><\/div>\n<div style=\"text-align: justify\"><span style=\"color: #0000ff\">Fady M., Hala B.<\/span><\/div>\n<div class=\"yj6qo ajU\">\n<div id=\":xw\" class=\"ajR\" style=\"text-align: justify\"><img decoding=\"async\" class=\"ajT\" src=\"https:\/\/ssl.gstatic.com\/ui\/v1\/icons\/mail\/images\/cleardot.gif\" \/><\/div>\n<\/div>\n","protected":false},"excerpt":{"rendered":"<p>Alepo, SANA \u00a0 Varios civiles, entre ellos dos ni\u00f1os, perecieron este jueves en una nueva jornada de ataques terroristas contra la ciudad de Alepo. \u00a0 Seg\u00fan una fuente en la gobernaci\u00f3n de Alepo, cuatro civiles perdieron la vida e igual n\u00famero resultaron heridos en ataques terroristas con morteros y cohetes contra los distritos de Mirydian &hellip;<\/p>\n","protected":false},"author":1,"featured_media":42647,"comment_status":"closed","ping_status":"closed","sticky":false,"template":"","format":"standard","meta":{"footnotes":""},"categories":[477,476,457,576,583],"tags":[8512],"class_list":["post-42646","post","type-post","status-publish","format-standard","has-post-thumbnail","","category-noticias-edulcorantes","category-locales","category-noticias-arabe-internacional-politica","category-noticias-politicas","category-slide","tag-asciende-a-nueve-la-cifra-de-victimas-mortales-por-los-ataques-terroristas-contra-alepo"],"_links":{"self":[{"href":"https:\/\/archive.sana.sy\/es\/index.php?rest_route=\/wp\/v2\/posts\/42646"}],"collection":[{"href":"https:\/\/archive.sana.sy\/es\/index.php?rest_route=\/wp\/v2\/posts"}],"about":[{"href":"https:\/\/archive.sana.sy\/es\/index.php?rest_route=\/wp\/v2\/types\/post"}],"author":[{"embeddable":true,"href":"https:\/\/archive.sana.sy\/es\/index.php?rest_route=\/wp\/v2\/users\/1"}],"replies":[{"embeddable":true,"href":"https:\/\/archive.sana.sy\/es\/index.php?rest_route=%2Fwp%2Fv2%2Fcomments&post=42646"}],"version-history":[{"count":0,"href":"https:\/\/archive.sana.sy\/es\/index.php?rest_route=\/wp\/v2\/posts\/42646\/revisions"}],"wp:featuredmedia":[{"embeddable":true,"href":"https:\/\/archive.sana.sy\/es\/index.php?rest_route=\/wp\/v2\/media\/42647"}],"wp:attachment":[{"href":"https:\/\/archive.sana.sy\/es\/index.php?rest_route=%2Fwp%2Fv2%2Fmedia&parent=42646"}],"wp:term":[{"taxonomy":"category","embeddable":true,"href":"https:\/\/archive.sana.sy\/es\/index.php?rest_route=%2Fwp%2Fv2%2Fcategories&post=42646"},{"taxonomy":"post_tag","embeddable":true,"href":"https:\/\/archive.sana.sy\/es\/index.php?rest_route=%2Fwp%2Fv2%2Ftags&post=42646"}],"curies":[{"name":"wp","href":"https:\/\/api.w.org\/{rel}","templated":true}]}}