{"id":42649,"date":"2016-04-28T13:35:58","date_gmt":"2016-04-28T10:35:58","guid":{"rendered":"http:\/\/www.sana.sy\/es\/?p=42649"},"modified":"2016-05-01T20:28:31","modified_gmt":"2016-05-01T17:28:31","slug":"de-mistura-examina-con-lavrov-la-proxima-semana-los-resultados-del-dialogo-intersirio-en-ginebra","status":"publish","type":"post","link":"https:\/\/archive.sana.sy\/es\/?p=42649","title":{"rendered":"De Mistura examina con Lavrov la pr\u00f3xima semana los resultados del di\u00e1logo intersirio en Ginebra"},"content":{"rendered":"<div style=\"text-align: justify\"><span lang=\"ES-TRAD\" style=\"color: #800000\">Mosc\u00fa, SANA<\/span><\/div>\n<div style=\"text-align: justify\"><span lang=\"ES-TRAD\">\u00a0<\/span><\/div>\n<div style=\"text-align: justify\"><span lang=\"ES-TRAD\">Una fuente del Ministerio de Exteriores de Rusia anunci\u00f3 que el enviado especial de la ONU a Siria, Staffan de Mistura, visitar\u00e1 Mosc\u00fa la pr\u00f3xima semana y se reunir\u00e1 con el canciller ruso, Sergey Lavrov.<\/span><\/div>\n<div style=\"text-align: justify\"><span lang=\"ES-TRAD\">\u00a0<\/span><\/div>\n<div style=\"text-align: justify\"><span lang=\"ES-TRAD\">La fuente se\u00f1al\u00f3 que est\u00e1 previsto que De Mistura discutir\u00e1 con Lavrov los resultados del di\u00e1logo intersirio en Ginebra y las perspectivas de la pr\u00f3xima ronda de di\u00e1logo.<\/span><\/div>\n<div style=\"text-align: justify\"><span lang=\"ES-TRAD\">\u00a0<\/span><\/div>\n<div style=\"text-align: justify\"><span lang=\"ES-TRAD\">Subray\u00f3 que &#8220;la continuaci\u00f3n del di\u00e1logo de una manera estable requiere la adopci\u00f3n de todos los participantes de una posici\u00f3n constructiva y asegurar el car\u00e1cter transversal de estas conversaciones.&#8221;<\/span><\/div>\n<div style=\"text-align: justify\"><\/div>\n<div style=\"text-align: justify\"><span style=\"color: #0000ff\">Fady M., Hala B.<\/span><\/div>\n<div class=\"yj6qo ajU\">\n<div id=\":v6\" class=\"ajR\" style=\"text-align: justify\"><img decoding=\"async\" class=\"ajT\" src=\"https:\/\/ssl.gstatic.com\/ui\/v1\/icons\/mail\/images\/cleardot.gif\" \/><\/div>\n<\/div>\n","protected":false},"excerpt":{"rendered":"<p>Mosc\u00fa, SANA \u00a0 Una fuente del Ministerio de Exteriores de Rusia anunci\u00f3 que el enviado especial de la ONU a Siria, Staffan de Mistura, visitar\u00e1 Mosc\u00fa la pr\u00f3xima semana y se reunir\u00e1 con el canciller ruso, Sergey Lavrov. \u00a0 La fuente se\u00f1al\u00f3 que est\u00e1 previsto que De Mistura discutir\u00e1 con Lavrov los resultados del di\u00e1logo &hellip;<\/p>\n","protected":false},"author":1,"featured_media":42650,"comment_status":"closed","ping_status":"closed","sticky":false,"template":"","format":"standard","meta":{"footnotes":""},"categories":[456,457,576,7541],"tags":[8513],"class_list":["post-42649","post","type-post","status-publish","format-standard","has-post-thumbnail","","category-arabe-internacional-politica","category-noticias-arabe-internacional-politica","category-noticias-politicas","category-ultimas-noticias","tag-de-mistura-examina-con-lavrov-la-proxima-semana-los-resultados-del-dialogo-intersirio-en-ginebra"],"_links":{"self":[{"href":"https:\/\/archive.sana.sy\/es\/index.php?rest_route=\/wp\/v2\/posts\/42649"}],"collection":[{"href":"https:\/\/archive.sana.sy\/es\/index.php?rest_route=\/wp\/v2\/posts"}],"about":[{"href":"https:\/\/archive.sana.sy\/es\/index.php?rest_route=\/wp\/v2\/types\/post"}],"author":[{"embeddable":true,"href":"https:\/\/archive.sana.sy\/es\/index.php?rest_route=\/wp\/v2\/users\/1"}],"replies":[{"embeddable":true,"href":"https:\/\/archive.sana.sy\/es\/index.php?rest_route=%2Fwp%2Fv2%2Fcomments&post=42649"}],"version-history":[{"count":0,"href":"https:\/\/archive.sana.sy\/es\/index.php?rest_route=\/wp\/v2\/posts\/42649\/revisions"}],"wp:featuredmedia":[{"embeddable":true,"href":"https:\/\/archive.sana.sy\/es\/index.php?rest_route=\/wp\/v2\/media\/42650"}],"wp:attachment":[{"href":"https:\/\/archive.sana.sy\/es\/index.php?rest_route=%2Fwp%2Fv2%2Fmedia&parent=42649"}],"wp:term":[{"taxonomy":"category","embeddable":true,"href":"https:\/\/archive.sana.sy\/es\/index.php?rest_route=%2Fwp%2Fv2%2Fcategories&post=42649"},{"taxonomy":"post_tag","embeddable":true,"href":"https:\/\/archive.sana.sy\/es\/index.php?rest_route=%2Fwp%2Fv2%2Ftags&post=42649"}],"curies":[{"name":"wp","href":"https:\/\/api.w.org\/{rel}","templated":true}]}}