{"id":42661,"date":"2016-04-28T21:13:41","date_gmt":"2016-04-28T18:13:41","guid":{"rendered":"http:\/\/sana.sy\/es\/?p=42661"},"modified":"2016-04-29T19:16:15","modified_gmt":"2016-04-29T16:16:15","slug":"siria-exige-al-consejo-de-seguridad-que-condene-los-atentados-terroristas-con-ciudad-de-alepo-y-otras-zonas-sirias","status":"publish","type":"post","link":"https:\/\/archive.sana.sy\/es\/?p=42661","title":{"rendered":"Siria exige al Consejo de Seguridad que condene los atentados terroristas con ciudad de Alepo y otras zonas sirias"},"content":{"rendered":"<p>Damasco, SANA<\/p>\n<p style=\"text-align: justify\">La Canciller\u00eda siria mand\u00f3 este jueves una carta tanto al Secretario general de la ONU como al Consejo de Seguridad en la que conden\u00f3 su inacci\u00f3n ante los cr\u00edmenes de los terroristas en Siria.<\/p>\n<p style=\"text-align: justify\">Canciller\u00eda conden\u00f3 que la ciudad de Alepo y otras ciudades en la provincia de Idleb han sido durante los \u00faltimos tres d\u00edas, inclusivo hoy el jueves 28 de abril, objetos de ataques terroristas arbitrarios con obuses de mortero, misiles, bombonas de gas y el llamado ca\u00f1\u00f3n del infierno, lo que dej\u00f3 de al menos 16 v\u00edctimas mortales y m\u00e1s de 100 heridos, mayoritariamente ni\u00f1os y mujeres.<\/p>\n<p style=\"text-align: justify\">Denunci\u00f3 que estas salvajadas llevadas a cabo a manos de los terroristas del Frente de al Nousra, Ahrar al Shaam y el Ej\u00e9rcito Libre y el Ej\u00e9rcito del Islam no hubieran continuado sin el gran apoyo financiero, armament\u00edstico, de inteligencia y log\u00edstico brindado a ellos por algunos pa\u00edses, especialmente Turqu\u00eda, Arabia Saudita y Katar.<\/p>\n<p style=\"text-align: justify\">Aclar\u00f3 que los atentados y bombardeos terroristas que se han intensificado durante los pocos \u00faltimos d\u00edas, por \u00f3rdenes de algunos pa\u00edses patrocinadores del terrorismo, est\u00e1n destinados a fracasar el acuerdo del cese de acciones de combate, y evidencian otra vez m\u00e1s los v\u00ednculos entre la llamada por algunos pa\u00edses \u201coposici\u00f3n moderada\u201d y los grupos terroristas, entre ellos figura la delegaci\u00f3n de la oposici\u00f3n de Riad que se retir\u00f3 de las conversaciones intersirias con la intenci\u00f3n de torpedear los esfuerzos encaminados a dar con una soluci\u00f3n pac\u00edfica de la crisis en Siria.<\/p>\n<p style=\"text-align: justify\">Canciller\u00eda expres\u00f3 extra\u00f1ez por el hecho de que la ONU ha pasado por alto a todas las cartas dirigidas por Siria tanto a su Secretario general como al Consejo de Seguridad sobre estas condenables acciones terroristas contra los civiles en Siria.<\/p>\n<p style=\"text-align: justify\">Asever\u00f3 que el Secretario General de la ONU y el Consejo de Seguridad al mantener sus ojos cerrados ante estos crimines y el terrorismo de la \u201c\u201doposici\u00f3n armada moderada\u201d, tales como el Ej\u00e9rcito del Fateh y el Ej\u00e9rcito del Islam, est\u00e1n mandando falsos se\u00f1ales a estas organizaciones para que contin\u00faen con sus acciones terroristas que se han convertido a una amenaza no solamente para la paz y seguridad de Siria sino tambi\u00e9n del mundo entero.<\/p>\n<p style=\"text-align: justify\">Siria renueva sus llamados al Consejo de Seguridad de la ONU y al Secretario General de la ONU para que condenen estos flagrantes crimines terroristas contra los civiles, y les exige que tomen todas las medidas disuasorias y penales contra las organizaciones y los pa\u00edses que apoyan y financian al terrorismo, seg\u00fan las resoluciones de la ONU 2170\/2014\/ \/2178\/2014\/ \u0648\/2199\/2015\/ \u0648\/2253\/2015concluy\u00f3 la Canciller\u00eda.<\/p>\n<p>Lynn A.<\/p>\n","protected":false},"excerpt":{"rendered":"<p>Damasco, SANA La Canciller\u00eda siria mand\u00f3 este jueves una carta tanto al Secretario general de la ONU como al Consejo de Seguridad en la que conden\u00f3 su inacci\u00f3n ante los cr\u00edmenes de los terroristas en Siria. Canciller\u00eda conden\u00f3 que la ciudad de Alepo y otras ciudades en la provincia de Idleb han sido durante los &hellip;<\/p>\n","protected":false},"author":1,"featured_media":42664,"comment_status":"closed","ping_status":"closed","sticky":false,"template":"","format":"standard","meta":{"footnotes":""},"categories":[477,476,583,7541],"tags":[],"class_list":["post-42661","post","type-post","status-publish","format-standard","has-post-thumbnail","","category-noticias-edulcorantes","category-locales","category-slide","category-ultimas-noticias"],"_links":{"self":[{"href":"https:\/\/archive.sana.sy\/es\/index.php?rest_route=\/wp\/v2\/posts\/42661"}],"collection":[{"href":"https:\/\/archive.sana.sy\/es\/index.php?rest_route=\/wp\/v2\/posts"}],"about":[{"href":"https:\/\/archive.sana.sy\/es\/index.php?rest_route=\/wp\/v2\/types\/post"}],"author":[{"embeddable":true,"href":"https:\/\/archive.sana.sy\/es\/index.php?rest_route=\/wp\/v2\/users\/1"}],"replies":[{"embeddable":true,"href":"https:\/\/archive.sana.sy\/es\/index.php?rest_route=%2Fwp%2Fv2%2Fcomments&post=42661"}],"version-history":[{"count":0,"href":"https:\/\/archive.sana.sy\/es\/index.php?rest_route=\/wp\/v2\/posts\/42661\/revisions"}],"wp:featuredmedia":[{"embeddable":true,"href":"https:\/\/archive.sana.sy\/es\/index.php?rest_route=\/wp\/v2\/media\/42664"}],"wp:attachment":[{"href":"https:\/\/archive.sana.sy\/es\/index.php?rest_route=%2Fwp%2Fv2%2Fmedia&parent=42661"}],"wp:term":[{"taxonomy":"category","embeddable":true,"href":"https:\/\/archive.sana.sy\/es\/index.php?rest_route=%2Fwp%2Fv2%2Fcategories&post=42661"},{"taxonomy":"post_tag","embeddable":true,"href":"https:\/\/archive.sana.sy\/es\/index.php?rest_route=%2Fwp%2Fv2%2Ftags&post=42661"}],"curies":[{"name":"wp","href":"https:\/\/api.w.org\/{rel}","templated":true}]}}