{"id":42766,"date":"2016-04-30T22:48:32","date_gmt":"2016-04-30T19:48:32","guid":{"rendered":"http:\/\/sana.sy\/es\/?p=42766"},"modified":"2016-04-30T22:59:24","modified_gmt":"2016-04-30T19:59:24","slug":"libano-frustrado-un-intento-terrorista-de-infiltracion-hacia-posiciones-militares","status":"publish","type":"post","link":"https:\/\/archive.sana.sy\/es\/?p=42766","title":{"rendered":"L\u00edbano, frustrado un intento terrorista de infiltraci\u00f3n hacia posiciones militares"},"content":{"rendered":"<p style=\"text-align: justify\"><span style=\"color: #800000\">Beirut, SANA<\/span>\u2013 El ej\u00e9rcito liban\u00e9s fracas\u00f3 el s\u00e1bado un intento terrorista de infiltraci\u00f3n desde Arsal y Ras Baalbek hacia sus posiciones en la zona, infligiendo significativas p\u00e9rdidas\u00a0\u00a0en las filas de los infiltrados.<\/p>\n<p style=\"text-align: justify\">De acuerdo con la agencia libanesa de noticias, la artiller\u00eda del ej\u00e9rcito liban\u00e9s bombarde\u00f3 fuertemente los puntos de infiltraci\u00f3n en Ersal y Ras Baalbek, causando duras\u00a0\u00a0p\u00e9rdidas entre\u00a0\u00a0los terroristas y oblig\u00e1ndolos a retirarse.<\/p>\n<p style=\"text-align: justify\">En este contexto, el ej\u00e9rcito liban\u00e9s mat\u00f3 hace dos d\u00edas a dos cabecillas del EI y detuvo a otro en una emboscada en la localidad de Ersal.<\/p>\n<p>M.Miri<\/p>\n","protected":false},"excerpt":{"rendered":"<p>Beirut, SANA\u2013 El ej\u00e9rcito liban\u00e9s fracas\u00f3 el s\u00e1bado un intento terrorista de infiltraci\u00f3n desde Arsal y Ras Baalbek hacia sus posiciones en la zona, infligiendo significativas p\u00e9rdidas\u00a0\u00a0en las filas de los infiltrados. De acuerdo con la agencia libanesa de noticias, la artiller\u00eda del ej\u00e9rcito liban\u00e9s bombarde\u00f3 fuertemente los puntos de infiltraci\u00f3n en Ersal y Ras &hellip;<\/p>\n","protected":false},"author":1,"featured_media":42767,"comment_status":"closed","ping_status":"closed","sticky":false,"template":"","format":"standard","meta":{"footnotes":""},"categories":[456,457],"tags":[8543,8542],"class_list":["post-42766","post","type-post","status-publish","format-standard","has-post-thumbnail","","category-arabe-internacional-politica","category-noticias-arabe-internacional-politica","tag-frustrado-un-intento-terrorista-de-infiltracion-hacia-posiciones-militares","tag-libano"],"_links":{"self":[{"href":"https:\/\/archive.sana.sy\/es\/index.php?rest_route=\/wp\/v2\/posts\/42766"}],"collection":[{"href":"https:\/\/archive.sana.sy\/es\/index.php?rest_route=\/wp\/v2\/posts"}],"about":[{"href":"https:\/\/archive.sana.sy\/es\/index.php?rest_route=\/wp\/v2\/types\/post"}],"author":[{"embeddable":true,"href":"https:\/\/archive.sana.sy\/es\/index.php?rest_route=\/wp\/v2\/users\/1"}],"replies":[{"embeddable":true,"href":"https:\/\/archive.sana.sy\/es\/index.php?rest_route=%2Fwp%2Fv2%2Fcomments&post=42766"}],"version-history":[{"count":0,"href":"https:\/\/archive.sana.sy\/es\/index.php?rest_route=\/wp\/v2\/posts\/42766\/revisions"}],"wp:featuredmedia":[{"embeddable":true,"href":"https:\/\/archive.sana.sy\/es\/index.php?rest_route=\/wp\/v2\/media\/42767"}],"wp:attachment":[{"href":"https:\/\/archive.sana.sy\/es\/index.php?rest_route=%2Fwp%2Fv2%2Fmedia&parent=42766"}],"wp:term":[{"taxonomy":"category","embeddable":true,"href":"https:\/\/archive.sana.sy\/es\/index.php?rest_route=%2Fwp%2Fv2%2Fcategories&post=42766"},{"taxonomy":"post_tag","embeddable":true,"href":"https:\/\/archive.sana.sy\/es\/index.php?rest_route=%2Fwp%2Fv2%2Ftags&post=42766"}],"curies":[{"name":"wp","href":"https:\/\/api.w.org\/{rel}","templated":true}]}}