{"id":42771,"date":"2016-05-01T18:54:33","date_gmt":"2016-05-01T15:54:33","guid":{"rendered":"http:\/\/www.sana.sy\/es\/?p=42771"},"modified":"2016-05-01T20:13:16","modified_gmt":"2016-05-01T17:13:16","slug":"al-zoabi-saluda-la-firmeza-de-los-trabajadores-en-su-fiesta","status":"publish","type":"post","link":"https:\/\/archive.sana.sy\/es\/?p=42771","title":{"rendered":"Acto central con  motivo del D\u00eda Internacional de los Trabajadores"},"content":{"rendered":"<p style=\"text-align: justify\"><span style=\"color: #800000\"><strong>Damasco, SANA<\/strong><\/span><\/p>\n<p style=\"text-align: justify\"><strong>Con\u00a0 motivo del D\u00eda Internacional de los Trabajadores la oficina ejecutiva de la Uni\u00f3n General de Sindicatos de los Trabajadores realiz\u00f3 hoy un acto central en el teatro de la Casa de Opera en Damasco bajo el lema \u00a8Patria construida con nuestro sudor la protegemos con nuestra sangre\u00a8<\/strong><\/p>\n<p style=\"text-align: justify\"><strong>El secretario nacional adjunto del Partido Socialista \u00c1rabe Baaz, el ingeniero Hilal al-Hilal, afirm\u00f3 que la clase trabajadora es el sector popular m\u00e1s entregado en el camino del progreso y el crecimiento.<\/strong><\/p>\n<p style=\"text-align: justify\"><strong>El mismo salud\u00f3 a los m\u00e1rtires, tanto militares como civiles trabajadores, y de todas las capas del pueblo exaltando las victorias del ej\u00e9rcito en su batalla contra el terrorismo.<\/strong><\/p>\n<p style=\"text-align: justify\"><strong>Por su parte el ministro de Informaci\u00f3n Omran al-Zoabi elogi\u00f3\u00a0 la creatividad de la clase obrera al hacer frente a las dificultades y contribuir a la firmeza del Estado sirio.<\/strong><\/p>\n<p style=\"text-align: justify\"><strong>El Zoubi llam\u00f3 a los partidos, movimientos y fuerzas sociales, sindicatos y organizaciones para elevarse por encima de los dolores de esta calamidad.<\/strong><\/p>\n<p style=\"text-align: justify\"><span style=\"color: #0000ff\"><strong>Al Qadiri: Siria con sus obreros, soldados y liderazgo contin\u00faa enfrentando la guerra terrorista<\/strong><\/span><strong style=\"line-height: 1.5\">\u00a0<\/strong><\/p>\n<p style=\"text-align: justify\"><strong>A su vez \u00a0el jefe de la Uni\u00f3n General de Sindicatos de los Trabajadores Jamal al Qadiri hizo alusi\u00f3n a que el 1\u00ba de Mayo se ha convertido en un s\u00edmbolo de unidad y solidaridad de los trabajadores del mundo, y un s\u00edmbolo de la lucha com\u00fan contra las diversas formas de explotaci\u00f3n, racismo, injusticia y terrorismo.<\/strong><\/p>\n<p style=\"text-align: justify\"><span style=\"color: #0000ff\">Hala B., Riad Sh.<\/span><\/p>\n<p style=\"text-align: justify\"><strong>\u00a0<\/strong><\/p>\n","protected":false},"excerpt":{"rendered":"<p>Damasco, SANA Con\u00a0 motivo del D\u00eda Internacional de los Trabajadores la oficina ejecutiva de la Uni\u00f3n General de Sindicatos de los Trabajadores realiz\u00f3 hoy un acto central en el teatro de la Casa de Opera en Damasco bajo el lema \u00a8Patria construida con nuestro sudor la protegemos con nuestra sangre\u00a8 El secretario nacional adjunto del &hellip;<\/p>\n","protected":false},"author":1,"featured_media":42772,"comment_status":"closed","ping_status":"closed","sticky":false,"template":"","format":"standard","meta":{"footnotes":""},"categories":[597,476,457,583,7541],"tags":[8544],"class_list":["post-42771","post","type-post","status-publish","format-standard","has-post-thumbnail","","category-cinta-de-noticias","category-locales","category-noticias-arabe-internacional-politica","category-slide","category-ultimas-noticias","tag-al-zoabi-saluda-la-firmeza-de-los-trabajadores-en-su-fiesta"],"_links":{"self":[{"href":"https:\/\/archive.sana.sy\/es\/index.php?rest_route=\/wp\/v2\/posts\/42771"}],"collection":[{"href":"https:\/\/archive.sana.sy\/es\/index.php?rest_route=\/wp\/v2\/posts"}],"about":[{"href":"https:\/\/archive.sana.sy\/es\/index.php?rest_route=\/wp\/v2\/types\/post"}],"author":[{"embeddable":true,"href":"https:\/\/archive.sana.sy\/es\/index.php?rest_route=\/wp\/v2\/users\/1"}],"replies":[{"embeddable":true,"href":"https:\/\/archive.sana.sy\/es\/index.php?rest_route=%2Fwp%2Fv2%2Fcomments&post=42771"}],"version-history":[{"count":0,"href":"https:\/\/archive.sana.sy\/es\/index.php?rest_route=\/wp\/v2\/posts\/42771\/revisions"}],"wp:featuredmedia":[{"embeddable":true,"href":"https:\/\/archive.sana.sy\/es\/index.php?rest_route=\/wp\/v2\/media\/42772"}],"wp:attachment":[{"href":"https:\/\/archive.sana.sy\/es\/index.php?rest_route=%2Fwp%2Fv2%2Fmedia&parent=42771"}],"wp:term":[{"taxonomy":"category","embeddable":true,"href":"https:\/\/archive.sana.sy\/es\/index.php?rest_route=%2Fwp%2Fv2%2Fcategories&post=42771"},{"taxonomy":"post_tag","embeddable":true,"href":"https:\/\/archive.sana.sy\/es\/index.php?rest_route=%2Fwp%2Fv2%2Ftags&post=42771"}],"curies":[{"name":"wp","href":"https:\/\/api.w.org\/{rel}","templated":true}]}}