{"id":42813,"date":"2016-05-02T14:49:46","date_gmt":"2016-05-02T11:49:46","guid":{"rendered":"http:\/\/www.sana.sy\/es\/?p=42813"},"modified":"2016-05-02T14:49:46","modified_gmt":"2016-05-02T11:49:46","slug":"cancilleria-irani-grupos-terroristas-y-quien-les-apoya-cargan-con-la-responsabilidad-del-desastre-humanitario-que-sufre-alepo","status":"publish","type":"post","link":"https:\/\/archive.sana.sy\/es\/?p=42813","title":{"rendered":"Canciller\u00eda iran\u00ed: grupos terroristas y quien les apoya cargan con la responsabilidad del desastre humanitario que sufre Alepo"},"content":{"rendered":"<p style=\"text-align: justify\"><span style=\"color: #800000\"><strong>Teher\u00e1n, SANA<\/strong><\/span><strong>\u00a0<\/strong><\/p>\n<p style=\"text-align: justify\"><strong>El portavoz de la Canciller\u00eda iran\u00ed Hussein Yabiri Ansari conden\u00f3 los actos criminales cometidos por los grupos terroristas en Alepo.<\/strong><strong>\u00a0<\/strong><\/p>\n<p style=\"text-align: justify\"><strong>Durante su conferencia semanal, Yabiri advirti\u00f3 de la continuaci\u00f3n de la crisis en Siria que conducir\u00e1 a cat\u00e1strofes humanitarias, por esto Ir\u00e1n llama a todos los partes influyentes a trabajar para solucionar la crisis siria pol\u00edticamente a trav\u00e9s del dialogo sirio-sirio y dejar que el pueblo decida su destino por s\u00ed mismo.<\/strong><\/p>\n<p style=\"text-align: justify\"><span style=\"color: #0000ff\">Hala B., Riad Sh.<\/span><\/p>\n","protected":false},"excerpt":{"rendered":"<p>Teher\u00e1n, SANA\u00a0 El portavoz de la Canciller\u00eda iran\u00ed Hussein Yabiri Ansari conden\u00f3 los actos criminales cometidos por los grupos terroristas en Alepo.\u00a0 Durante su conferencia semanal, Yabiri advirti\u00f3 de la continuaci\u00f3n de la crisis en Siria que conducir\u00e1 a cat\u00e1strofes humanitarias, por esto Ir\u00e1n llama a todos los partes influyentes a trabajar para solucionar la &hellip;<\/p>\n","protected":false},"author":1,"featured_media":42814,"comment_status":"closed","ping_status":"closed","sticky":false,"template":"","format":"standard","meta":{"footnotes":""},"categories":[597,576,7541],"tags":[8548],"class_list":["post-42813","post","type-post","status-publish","format-standard","has-post-thumbnail","","category-cinta-de-noticias","category-noticias-politicas","category-ultimas-noticias","tag-cancilleria-irani-grupos-terroristas-y-quien-les-apoya-cargan-con-la-responsabilidad-del-desastre-humanitario-que-sufre-alepo"],"_links":{"self":[{"href":"https:\/\/archive.sana.sy\/es\/index.php?rest_route=\/wp\/v2\/posts\/42813"}],"collection":[{"href":"https:\/\/archive.sana.sy\/es\/index.php?rest_route=\/wp\/v2\/posts"}],"about":[{"href":"https:\/\/archive.sana.sy\/es\/index.php?rest_route=\/wp\/v2\/types\/post"}],"author":[{"embeddable":true,"href":"https:\/\/archive.sana.sy\/es\/index.php?rest_route=\/wp\/v2\/users\/1"}],"replies":[{"embeddable":true,"href":"https:\/\/archive.sana.sy\/es\/index.php?rest_route=%2Fwp%2Fv2%2Fcomments&post=42813"}],"version-history":[{"count":0,"href":"https:\/\/archive.sana.sy\/es\/index.php?rest_route=\/wp\/v2\/posts\/42813\/revisions"}],"wp:featuredmedia":[{"embeddable":true,"href":"https:\/\/archive.sana.sy\/es\/index.php?rest_route=\/wp\/v2\/media\/42814"}],"wp:attachment":[{"href":"https:\/\/archive.sana.sy\/es\/index.php?rest_route=%2Fwp%2Fv2%2Fmedia&parent=42813"}],"wp:term":[{"taxonomy":"category","embeddable":true,"href":"https:\/\/archive.sana.sy\/es\/index.php?rest_route=%2Fwp%2Fv2%2Fcategories&post=42813"},{"taxonomy":"post_tag","embeddable":true,"href":"https:\/\/archive.sana.sy\/es\/index.php?rest_route=%2Fwp%2Fv2%2Ftags&post=42813"}],"curies":[{"name":"wp","href":"https:\/\/api.w.org\/{rel}","templated":true}]}}