{"id":42839,"date":"2016-05-03T18:33:43","date_gmt":"2016-05-03T15:33:43","guid":{"rendered":"http:\/\/www.sana.sy\/es\/?p=42839"},"modified":"2016-05-03T19:16:27","modified_gmt":"2016-05-03T16:16:27","slug":"seis-muertos-y-37-heridos-en-nuevos-ataques-terroristas-contra-alepo","status":"publish","type":"post","link":"https:\/\/archive.sana.sy\/es\/?p=42839","title":{"rendered":"Al menos 16 muertos y decenas de heridos en ataques terroristas contra Alepo"},"content":{"rendered":"<div style=\"text-align: justify\"><span lang=\"ES-TRAD\" style=\"color: #800000\">Alepo, SANA<\/span><\/div>\n<div style=\"text-align: justify\">\n<div><span lang=\"ES-TRAD\">\u00a0<\/span><\/div>\n<div><span lang=\"ES-TRAD\">Al menos 16\u00a0civiles perdieron la vida y otros 68\u00a0resultaron heridos en nuevos ataques terroristas con cohetes y morteros contra la ciudad de Alepo, inform\u00f3 el corresponsal de SANA en la provincia septentrional.<\/span><\/div>\n<\/div>\n<div><img loading=\"lazy\" decoding=\"async\" class=\" wp-image-42863 alignleft\" src=\"http:\/\/www.sana.sy\/es\/wp-content\/uploads\/2016\/05\/aaaaaaaaaaaaaaaaaaaaa-242x300.jpg\" alt=\"aaaaaaaaaaaaaaaaaaaaa\" width=\"140\" height=\"174\" srcset=\"https:\/\/archive.sana.sy\/es\/wp-content\/uploads\/2016\/05\/aaaaaaaaaaaaaaaaaaaaa.jpg 242w, https:\/\/archive.sana.sy\/es\/wp-content\/uploads\/2016\/05\/aaaaaaaaaaaaaaaaaaaaa-121x150.jpg 121w\" sizes=\"(max-width: 140px) 100vw, 140px\" \/><\/div>\n<div style=\"text-align: justify\">\n<div><span lang=\"ES-TRAD\">\u00a0<\/span><\/div>\n<div><span lang=\"ES-TRAD\">Seg\u00fan una fuente policial, los cohetes impactaron en la calle Nilo y en los barrios de Khaldyah, Sirian, Sabil y Mocambo \u00a0provocando da\u00f1os materiales en los edificios y las propiedades privadas.<\/span><\/div>\n<div><span lang=\"ES-TRAD\">\u00a0<\/span><\/div>\n<div><span lang=\"ES-TRAD\">La fuente a\u00f1adi\u00f3 que \u00a0la mayor\u00eda de los heridos son mujeres y ni\u00f1os, muchos de ellos est\u00e1n en estado grave lo que podr\u00eda aumentar la cifra de v\u00edctimas mortales. \u00a0\u00a0<\/span><\/div>\n<div><\/div>\n<div><span lang=\"ES-TRAD\"><img loading=\"lazy\" decoding=\"async\" class=\"alignnone size-medium wp-image-42864\" src=\"http:\/\/www.sana.sy\/es\/wp-content\/uploads\/2016\/05\/oooooooooooo-300x169.jpg\" alt=\"oooooooooooo\" width=\"300\" height=\"169\" srcset=\"https:\/\/archive.sana.sy\/es\/wp-content\/uploads\/2016\/05\/oooooooooooo.jpg 300w, https:\/\/archive.sana.sy\/es\/wp-content\/uploads\/2016\/05\/oooooooooooo-150x85.jpg 150w\" sizes=\"(max-width: 300px) 100vw, 300px\" \/>\u00a0<\/span><\/div>\n<div><span lang=\"ES-TRAD\">\u00a0<\/span><\/div>\n<div><span lang=\"ES-TRAD\">Por otro lado, un ataque contra el hospital de al Dubet dej\u00f3 muertas a cuatro personas, entre ellas tres\u00a0mujeres, y ocasion\u00f3 heridas a otros 18\u00a0civiles,\u00a0todos son mujeres y ni\u00f1os.<\/span><\/div>\n<\/div>\n<div><img loading=\"lazy\" decoding=\"async\" class=\"alignnone size-medium wp-image-42865\" src=\"http:\/\/www.sana.sy\/es\/wp-content\/uploads\/2016\/05\/mmmmmmmmmmmm-300x188.jpg\" alt=\"mmmmmmmmmmmm\" width=\"300\" height=\"188\" srcset=\"https:\/\/archive.sana.sy\/es\/wp-content\/uploads\/2016\/05\/mmmmmmmmmmmm.jpg 300w, https:\/\/archive.sana.sy\/es\/wp-content\/uploads\/2016\/05\/mmmmmmmmmmmm-150x94.jpg 150w\" sizes=\"(max-width: 300px) 100vw, 300px\" \/><\/div>\n<div style=\"text-align: justify\">\n<div><span lang=\"ES-TRAD\">\u00a0<\/span><\/div>\n<div>En ataques semejantes, tres personas resultaron heridas en la localidad de al-Zahraa situada en el campo norte\u00f1o de Alepo.<\/div>\n<div><\/div>\n<div><span lang=\"ES-TRAD\">Los ataques terroristas contra los barrios seguros de Alepo han dejado en la \u00faltima semana m\u00e1s de 100 civiles muertos entre ellos, 30 ni\u00f1os, mientras cientos resultaron heridos.<\/span><\/div>\n<\/div>\n<div><\/div>\n<div style=\"text-align: justify\">\n<div id='gallery-1' class='gallery galleryid-42839 gallery-columns-3 gallery-size-thumbnail'><figure class='gallery-item'>\n\t\t\t<div class='gallery-icon landscape'>\n\t\t\t\t<a href='https:\/\/archive.sana.sy\/es\/wp-content\/uploads\/2016\/05\/Atentados-contra-Alepo-3.jpg'><img loading=\"lazy\" decoding=\"async\" width=\"150\" height=\"99\" src=\"https:\/\/archive.sana.sy\/es\/wp-content\/uploads\/2016\/05\/Atentados-contra-Alepo-3-150x99.jpg\" class=\"attachment-thumbnail size-thumbnail\" alt=\"\" srcset=\"https:\/\/archive.sana.sy\/es\/wp-content\/uploads\/2016\/05\/Atentados-contra-Alepo-3-150x99.jpg 150w, https:\/\/archive.sana.sy\/es\/wp-content\/uploads\/2016\/05\/Atentados-contra-Alepo-3-300x199.jpg 300w, https:\/\/archive.sana.sy\/es\/wp-content\/uploads\/2016\/05\/Atentados-contra-Alepo-3-310x205.jpg 310w, https:\/\/archive.sana.sy\/es\/wp-content\/uploads\/2016\/05\/Atentados-contra-Alepo-3.jpg 500w\" sizes=\"(max-width: 150px) 100vw, 150px\" \/><\/a>\n\t\t\t<\/div><\/figure><figure class='gallery-item'>\n\t\t\t<div class='gallery-icon landscape'>\n\t\t\t\t<a href='https:\/\/archive.sana.sy\/es\/wp-content\/uploads\/2016\/05\/Atentados-contra-Alepo-2.jpg'><img loading=\"lazy\" decoding=\"async\" width=\"150\" height=\"99\" src=\"https:\/\/archive.sana.sy\/es\/wp-content\/uploads\/2016\/05\/Atentados-contra-Alepo-2-150x99.jpg\" class=\"attachment-thumbnail size-thumbnail\" alt=\"\" srcset=\"https:\/\/archive.sana.sy\/es\/wp-content\/uploads\/2016\/05\/Atentados-contra-Alepo-2-150x99.jpg 150w, https:\/\/archive.sana.sy\/es\/wp-content\/uploads\/2016\/05\/Atentados-contra-Alepo-2-300x199.jpg 300w, https:\/\/archive.sana.sy\/es\/wp-content\/uploads\/2016\/05\/Atentados-contra-Alepo-2-310x205.jpg 310w, https:\/\/archive.sana.sy\/es\/wp-content\/uploads\/2016\/05\/Atentados-contra-Alepo-2.jpg 500w\" sizes=\"(max-width: 150px) 100vw, 150px\" \/><\/a>\n\t\t\t<\/div><\/figure><figure class='gallery-item'>\n\t\t\t<div class='gallery-icon landscape'>\n\t\t\t\t<a href='https:\/\/archive.sana.sy\/es\/wp-content\/uploads\/2016\/05\/Atentados-contra-Alepo1.jpg'><img loading=\"lazy\" decoding=\"async\" width=\"150\" height=\"99\" src=\"https:\/\/archive.sana.sy\/es\/wp-content\/uploads\/2016\/05\/Atentados-contra-Alepo1-150x99.jpg\" class=\"attachment-thumbnail size-thumbnail\" alt=\"\" srcset=\"https:\/\/archive.sana.sy\/es\/wp-content\/uploads\/2016\/05\/Atentados-contra-Alepo1-150x99.jpg 150w, https:\/\/archive.sana.sy\/es\/wp-content\/uploads\/2016\/05\/Atentados-contra-Alepo1-300x199.jpg 300w, https:\/\/archive.sana.sy\/es\/wp-content\/uploads\/2016\/05\/Atentados-contra-Alepo1-310x205.jpg 310w, https:\/\/archive.sana.sy\/es\/wp-content\/uploads\/2016\/05\/Atentados-contra-Alepo1.jpg 500w\" sizes=\"(max-width: 150px) 100vw, 150px\" \/><\/a>\n\t\t\t<\/div><\/figure><figure class='gallery-item'>\n\t\t\t<div class='gallery-icon landscape'>\n\t\t\t\t<a href='https:\/\/archive.sana.sy\/es\/wp-content\/uploads\/2016\/05\/Atentados-contra-Alepo-4.jpg'><img loading=\"lazy\" decoding=\"async\" width=\"150\" height=\"99\" src=\"https:\/\/archive.sana.sy\/es\/wp-content\/uploads\/2016\/05\/Atentados-contra-Alepo-4-150x99.jpg\" class=\"attachment-thumbnail size-thumbnail\" alt=\"\" srcset=\"https:\/\/archive.sana.sy\/es\/wp-content\/uploads\/2016\/05\/Atentados-contra-Alepo-4-150x99.jpg 150w, https:\/\/archive.sana.sy\/es\/wp-content\/uploads\/2016\/05\/Atentados-contra-Alepo-4-300x199.jpg 300w, https:\/\/archive.sana.sy\/es\/wp-content\/uploads\/2016\/05\/Atentados-contra-Alepo-4-310x205.jpg 310w, https:\/\/archive.sana.sy\/es\/wp-content\/uploads\/2016\/05\/Atentados-contra-Alepo-4.jpg 500w\" sizes=\"(max-width: 150px) 100vw, 150px\" \/><\/a>\n\t\t\t<\/div><\/figure><figure class='gallery-item'>\n\t\t\t<div class='gallery-icon landscape'>\n\t\t\t\t<a href='https:\/\/archive.sana.sy\/es\/wp-content\/uploads\/2016\/05\/Atentados-contra-Alepo-5.jpg'><img loading=\"lazy\" decoding=\"async\" width=\"150\" height=\"99\" src=\"https:\/\/archive.sana.sy\/es\/wp-content\/uploads\/2016\/05\/Atentados-contra-Alepo-5-150x99.jpg\" class=\"attachment-thumbnail size-thumbnail\" alt=\"\" srcset=\"https:\/\/archive.sana.sy\/es\/wp-content\/uploads\/2016\/05\/Atentados-contra-Alepo-5-150x99.jpg 150w, https:\/\/archive.sana.sy\/es\/wp-content\/uploads\/2016\/05\/Atentados-contra-Alepo-5-300x199.jpg 300w, https:\/\/archive.sana.sy\/es\/wp-content\/uploads\/2016\/05\/Atentados-contra-Alepo-5-310x205.jpg 310w, https:\/\/archive.sana.sy\/es\/wp-content\/uploads\/2016\/05\/Atentados-contra-Alepo-5.jpg 500w\" sizes=\"(max-width: 150px) 100vw, 150px\" \/><\/a>\n\t\t\t<\/div><\/figure><figure class='gallery-item'>\n\t\t\t<div class='gallery-icon landscape'>\n\t\t\t\t<a href='https:\/\/archive.sana.sy\/es\/wp-content\/uploads\/2016\/05\/Atentados-contra-Alepo-6.jpg'><img loading=\"lazy\" decoding=\"async\" width=\"150\" height=\"99\" src=\"https:\/\/archive.sana.sy\/es\/wp-content\/uploads\/2016\/05\/Atentados-contra-Alepo-6-150x99.jpg\" class=\"attachment-thumbnail size-thumbnail\" alt=\"\" srcset=\"https:\/\/archive.sana.sy\/es\/wp-content\/uploads\/2016\/05\/Atentados-contra-Alepo-6-150x99.jpg 150w, https:\/\/archive.sana.sy\/es\/wp-content\/uploads\/2016\/05\/Atentados-contra-Alepo-6-300x199.jpg 300w, https:\/\/archive.sana.sy\/es\/wp-content\/uploads\/2016\/05\/Atentados-contra-Alepo-6-310x205.jpg 310w, https:\/\/archive.sana.sy\/es\/wp-content\/uploads\/2016\/05\/Atentados-contra-Alepo-6.jpg 500w\" sizes=\"(max-width: 150px) 100vw, 150px\" \/><\/a>\n\t\t\t<\/div><\/figure><figure class='gallery-item'>\n\t\t\t<div class='gallery-icon landscape'>\n\t\t\t\t<a href='https:\/\/archive.sana.sy\/es\/wp-content\/uploads\/2016\/05\/Atentados-contra-Alepo-7.jpg'><img loading=\"lazy\" decoding=\"async\" width=\"150\" height=\"102\" src=\"https:\/\/archive.sana.sy\/es\/wp-content\/uploads\/2016\/05\/Atentados-contra-Alepo-7-150x102.jpg\" class=\"attachment-thumbnail size-thumbnail\" alt=\"\" srcset=\"https:\/\/archive.sana.sy\/es\/wp-content\/uploads\/2016\/05\/Atentados-contra-Alepo-7-150x102.jpg 150w, https:\/\/archive.sana.sy\/es\/wp-content\/uploads\/2016\/05\/Atentados-contra-Alepo-7-300x203.jpg 300w, https:\/\/archive.sana.sy\/es\/wp-content\/uploads\/2016\/05\/Atentados-contra-Alepo-7-110x75.jpg 110w, https:\/\/archive.sana.sy\/es\/wp-content\/uploads\/2016\/05\/Atentados-contra-Alepo-7.jpg 500w\" sizes=\"(max-width: 150px) 100vw, 150px\" \/><\/a>\n\t\t\t<\/div><\/figure><figure class='gallery-item'>\n\t\t\t<div class='gallery-icon portrait'>\n\t\t\t\t<a href='https:\/\/archive.sana.sy\/es\/wp-content\/uploads\/2016\/05\/Atentados-contra-Alepo-8.jpg'><img loading=\"lazy\" decoding=\"async\" width=\"90\" height=\"150\" src=\"https:\/\/archive.sana.sy\/es\/wp-content\/uploads\/2016\/05\/Atentados-contra-Alepo-8-90x150.jpg\" class=\"attachment-thumbnail size-thumbnail\" alt=\"\" srcset=\"https:\/\/archive.sana.sy\/es\/wp-content\/uploads\/2016\/05\/Atentados-contra-Alepo-8-90x150.jpg 90w, https:\/\/archive.sana.sy\/es\/wp-content\/uploads\/2016\/05\/Atentados-contra-Alepo-8-180x300.jpg 180w, https:\/\/archive.sana.sy\/es\/wp-content\/uploads\/2016\/05\/Atentados-contra-Alepo-8.jpg 350w\" sizes=\"(max-width: 90px) 100vw, 90px\" \/><\/a>\n\t\t\t<\/div><\/figure>\n\t\t<\/div>\n\n<\/div>\n<div style=\"text-align: justify\"><\/div>\n<div style=\"text-align: justify\"><\/div>\n<div style=\"text-align: justify\"><span style=\"color: #0000ff\">Fady M., Hala B.<\/span><\/div>\n","protected":false},"excerpt":{"rendered":"<p>Alepo, SANA \u00a0 Al menos 16\u00a0civiles perdieron la vida y otros 68\u00a0resultaron heridos en nuevos ataques terroristas con cohetes y morteros contra la ciudad de Alepo, inform\u00f3 el corresponsal de SANA en la provincia septentrional. \u00a0 Seg\u00fan una fuente policial, los cohetes impactaron en la calle Nilo y en los barrios de Khaldyah, Sirian, Sabil &hellip;<\/p>\n","protected":false},"author":1,"featured_media":42867,"comment_status":"closed","ping_status":"closed","sticky":false,"template":"","format":"standard","meta":{"footnotes":""},"categories":[477,597,476,583,7541],"tags":[],"class_list":["post-42839","post","type-post","status-publish","format-standard","has-post-thumbnail","","category-noticias-edulcorantes","category-cinta-de-noticias","category-locales","category-slide","category-ultimas-noticias"],"_links":{"self":[{"href":"https:\/\/archive.sana.sy\/es\/index.php?rest_route=\/wp\/v2\/posts\/42839"}],"collection":[{"href":"https:\/\/archive.sana.sy\/es\/index.php?rest_route=\/wp\/v2\/posts"}],"about":[{"href":"https:\/\/archive.sana.sy\/es\/index.php?rest_route=\/wp\/v2\/types\/post"}],"author":[{"embeddable":true,"href":"https:\/\/archive.sana.sy\/es\/index.php?rest_route=\/wp\/v2\/users\/1"}],"replies":[{"embeddable":true,"href":"https:\/\/archive.sana.sy\/es\/index.php?rest_route=%2Fwp%2Fv2%2Fcomments&post=42839"}],"version-history":[{"count":0,"href":"https:\/\/archive.sana.sy\/es\/index.php?rest_route=\/wp\/v2\/posts\/42839\/revisions"}],"wp:featuredmedia":[{"embeddable":true,"href":"https:\/\/archive.sana.sy\/es\/index.php?rest_route=\/wp\/v2\/media\/42867"}],"wp:attachment":[{"href":"https:\/\/archive.sana.sy\/es\/index.php?rest_route=%2Fwp%2Fv2%2Fmedia&parent=42839"}],"wp:term":[{"taxonomy":"category","embeddable":true,"href":"https:\/\/archive.sana.sy\/es\/index.php?rest_route=%2Fwp%2Fv2%2Fcategories&post=42839"},{"taxonomy":"post_tag","embeddable":true,"href":"https:\/\/archive.sana.sy\/es\/index.php?rest_route=%2Fwp%2Fv2%2Ftags&post=42839"}],"curies":[{"name":"wp","href":"https:\/\/api.w.org\/{rel}","templated":true}]}}