{"id":42899,"date":"2016-05-03T17:54:21","date_gmt":"2016-05-03T14:54:21","guid":{"rendered":"http:\/\/www.sana.sy\/es\/?p=42899"},"modified":"2016-05-03T20:52:28","modified_gmt":"2016-05-03T17:52:28","slug":"shaaban-recibe-a-una-delegacion-del-frente-europeo-para-el-apoyo-a-siria","status":"publish","type":"post","link":"https:\/\/archive.sana.sy\/es\/?p=42899","title":{"rendered":"Shaaban recibe a una delegaci\u00f3n del Frente Europeo para el Apoyo a Siria"},"content":{"rendered":"<p><span style=\"color: #800000\">Damasco, SANA<\/span><\/p>\n<p style=\"text-align: justify\">La asesora pol\u00edtica y de prensa en la Presidencia de la Rep\u00fablica \u00c1rabe Siria, Bozaina Shaaban recibi\u00f3 este martes a\u00a0una delegaci\u00f3n del Frente Europeo para el Apoyo a Siria.<\/p>\n<p style=\"text-align: justify\">Durante la reuni\u00f3n, Shaaban hizo un panorama sobre la guerra librada contra Siria y el papel de los medios de comunicaci\u00f3n occidentales en recrudecerla a trav\u00e9s de apoyarse\u00a0a las noticias difundidas por canales anti sirias tales como al-Jazeera y al-Arabiya.<\/p>\n<p style=\"text-align: justify\">Asimismo denunci\u00f3 el apoyo armament\u00edstico y financiero brindado por Qatar y Turqu\u00eda a los terroristas en Siria y las ilusiones del presidente del r\u00e9gimen turco, Reccep Tayib Erdogan de resucitar las glorias del imperio otomano.<\/p>\n<p style=\"text-align: justify\">Shaaban subray\u00f3 que &#8220;Siria es un pa\u00eds laico&#8221;, donde la convivencia entre los creyentes de las diferentes confesiones es una cultura que se remonte a centenares de a\u00f1os.<\/p>\n<p style=\"text-align: justify\">Lo de hablar de las sectas comenz\u00f3 con la ocupaci\u00f3n estadounidense de Irak, destacando que el pa\u00eds norteamericano quiere dividir a los \u00e1rabes a grupos sectarios, confesionales y \u00e9tnicos en servicio a los intereses del ente sionista y sus anhelos expansionistas en la regi\u00f3n.<\/p>\n<p style=\"text-align: justify\">A su vez, los miembros de la delegaci\u00f3n expresaron su solidaridad con el pueblo sirio, y denunciaron los cr\u00edmenes de las organizaciones terroristas en su contra. Asimismo explicaron que su visita a Siria tiene como objetivo trasmitir la verdadera imagen de lo que est\u00e1 ocurriendo en este pa\u00eds a los pueblos europeos.<\/p>\n<p>&nbsp;<\/p>\n<p>&nbsp;<\/p>\n<p>Lynn A.<\/p>\n","protected":false},"excerpt":{"rendered":"<p>Damasco, SANA La asesora pol\u00edtica y de prensa en la Presidencia de la Rep\u00fablica \u00c1rabe Siria, Bozaina Shaaban recibi\u00f3 este martes a\u00a0una delegaci\u00f3n del Frente Europeo para el Apoyo a Siria. Durante la reuni\u00f3n, Shaaban hizo un panorama sobre la guerra librada contra Siria y el papel de los medios de comunicaci\u00f3n occidentales en recrudecerla &hellip;<\/p>\n","protected":false},"author":24,"featured_media":42900,"comment_status":"closed","ping_status":"closed","sticky":false,"template":"","format":"standard","meta":{"footnotes":""},"categories":[477,597,476,7541],"tags":[],"class_list":["post-42899","post","type-post","status-publish","format-standard","has-post-thumbnail","","category-noticias-edulcorantes","category-cinta-de-noticias","category-locales","category-ultimas-noticias"],"_links":{"self":[{"href":"https:\/\/archive.sana.sy\/es\/index.php?rest_route=\/wp\/v2\/posts\/42899"}],"collection":[{"href":"https:\/\/archive.sana.sy\/es\/index.php?rest_route=\/wp\/v2\/posts"}],"about":[{"href":"https:\/\/archive.sana.sy\/es\/index.php?rest_route=\/wp\/v2\/types\/post"}],"author":[{"embeddable":true,"href":"https:\/\/archive.sana.sy\/es\/index.php?rest_route=\/wp\/v2\/users\/24"}],"replies":[{"embeddable":true,"href":"https:\/\/archive.sana.sy\/es\/index.php?rest_route=%2Fwp%2Fv2%2Fcomments&post=42899"}],"version-history":[{"count":0,"href":"https:\/\/archive.sana.sy\/es\/index.php?rest_route=\/wp\/v2\/posts\/42899\/revisions"}],"wp:featuredmedia":[{"embeddable":true,"href":"https:\/\/archive.sana.sy\/es\/index.php?rest_route=\/wp\/v2\/media\/42900"}],"wp:attachment":[{"href":"https:\/\/archive.sana.sy\/es\/index.php?rest_route=%2Fwp%2Fv2%2Fmedia&parent=42899"}],"wp:term":[{"taxonomy":"category","embeddable":true,"href":"https:\/\/archive.sana.sy\/es\/index.php?rest_route=%2Fwp%2Fv2%2Fcategories&post=42899"},{"taxonomy":"post_tag","embeddable":true,"href":"https:\/\/archive.sana.sy\/es\/index.php?rest_route=%2Fwp%2Fv2%2Ftags&post=42899"}],"curies":[{"name":"wp","href":"https:\/\/api.w.org\/{rel}","templated":true}]}}