{"id":42903,"date":"2016-05-03T18:33:50","date_gmt":"2016-05-03T15:33:50","guid":{"rendered":"http:\/\/www.sana.sy\/es\/?p=42903"},"modified":"2016-05-03T20:41:29","modified_gmt":"2016-05-03T17:41:29","slug":"siria-exige-al-consejo-de-seguridad-que-condene-las-nuevas-salvajadas-contra-alepo","status":"publish","type":"post","link":"https:\/\/archive.sana.sy\/es\/?p=42903","title":{"rendered":"Siria exige al Consejo de Seguridad que condene las nuevas salvajadas contra Alepo"},"content":{"rendered":"<p style=\"text-align: justify\"><span style=\"color: #800000\">Damasco, SANA-<\/span>Siria exigi\u00f3 en una cata dirigida al Consejo de Seguridad de la ONU y su Secretar\u00eda General que condene los nuevos ataques terroristas librados este martes contra la ciudad septentrional de Alepo.<\/p>\n<p style=\"text-align: justify\">En la carta, la Canciller\u00eda siria se\u00f1al\u00f3 que en el tiempo en que se desempe\u00f1an esfuerzos locales e internacionales para afianzar el acuerdo del cese de acciones de combate y alcanzar una calma en la ciudad de Alepo, los grupos terroristas, ateniendo ordenes de sus patrocinadores en Turqu\u00eda y Arabia Saudita, procedieron a librar un ataque amplio desde varios ejes contra la ciudad resistente de Alepo, el cual ha sido contrarrestado por el ej\u00e9rcito sirio quien impidi\u00f3 a los terroristas lograr sus metas de dominar algunos barrios de dicha ciudad.<\/p>\n<p style=\"text-align: justify\">A\u00f1adi\u00f3 que los terroristas bombardearon con la artiller\u00eda pesada el hospital de al Dubet en la ciudad de Alepo para atemorizar a los civiles, lo que caus\u00f3 la destrucci\u00f3n de dicho hospital y ocasion\u00f3 numerosas v\u00edctimas, entre ellos ni\u00f1os y mujeres.<\/p>\n<p style=\"text-align: justify\">Los terroristas lanzaron tambi\u00e9n decenas de misiles de manera\u00a0arbitraria contra los diferentes barrios de Alepo, dejando grandes bajas y heridos, adem\u00e1s de da\u00f1os materiales, agreg\u00f3.<\/p>\n<p style=\"text-align: justify\">Canciller\u00eda denunci\u00f3 que lo llevado a cabo por los grupos terroristas y sus aliados saud\u00edes y turcos , \u201ces un crimen contra la humanidad\u201d, llamando a la ONU que frene tales acciones y enjuicie a sus autores.<\/p>\n<p style=\"text-align: justify\">Con este ataque fren\u00e9tico contra Alepo, las organizaciones terroristas violaron los preparativos de la calma acordada ayer el lunes, pasando por alto todos los esfuerzos desempe\u00f1ados para detener el derramamiento de la sangre de los inocentes, subray\u00f3.<\/p>\n<p style=\"text-align: justify\">Asimismo fustig\u00f3 que tales acciones terroristas no se hab\u00edan producido si el Consejo de Seguridad hubiera asumido sus responsabilidades de condenar a los pa\u00edses patrocinadores del terrorismo.<\/p>\n<p style=\"text-align: justify\">Concluyendo la Carta, Siria renov\u00f3 sus llamados al Consejo de Seguridad para que condene estos cr\u00edmenes terroristas y tome todas las medidas contra los pa\u00edses que brinda apoyo al terrorismo.<\/p>\n<p>&nbsp;<\/p>\n<p>&nbsp;<\/p>\n<p>Lynn A.<\/p>\n","protected":false},"excerpt":{"rendered":"<p>Damasco, SANA-Siria exigi\u00f3 en una cata dirigida al Consejo de Seguridad de la ONU y su Secretar\u00eda General que condene los nuevos ataques terroristas librados este martes contra la ciudad septentrional de Alepo. En la carta, la Canciller\u00eda siria se\u00f1al\u00f3 que en el tiempo en que se desempe\u00f1an esfuerzos locales e internacionales para afianzar el &hellip;<\/p>\n","protected":false},"author":24,"featured_media":42921,"comment_status":"closed","ping_status":"closed","sticky":false,"template":"","format":"standard","meta":{"footnotes":""},"categories":[477,597,476,583],"tags":[],"class_list":["post-42903","post","type-post","status-publish","format-standard","has-post-thumbnail","","category-noticias-edulcorantes","category-cinta-de-noticias","category-locales","category-slide"],"_links":{"self":[{"href":"https:\/\/archive.sana.sy\/es\/index.php?rest_route=\/wp\/v2\/posts\/42903"}],"collection":[{"href":"https:\/\/archive.sana.sy\/es\/index.php?rest_route=\/wp\/v2\/posts"}],"about":[{"href":"https:\/\/archive.sana.sy\/es\/index.php?rest_route=\/wp\/v2\/types\/post"}],"author":[{"embeddable":true,"href":"https:\/\/archive.sana.sy\/es\/index.php?rest_route=\/wp\/v2\/users\/24"}],"replies":[{"embeddable":true,"href":"https:\/\/archive.sana.sy\/es\/index.php?rest_route=%2Fwp%2Fv2%2Fcomments&post=42903"}],"version-history":[{"count":0,"href":"https:\/\/archive.sana.sy\/es\/index.php?rest_route=\/wp\/v2\/posts\/42903\/revisions"}],"wp:featuredmedia":[{"embeddable":true,"href":"https:\/\/archive.sana.sy\/es\/index.php?rest_route=\/wp\/v2\/media\/42921"}],"wp:attachment":[{"href":"https:\/\/archive.sana.sy\/es\/index.php?rest_route=%2Fwp%2Fv2%2Fmedia&parent=42903"}],"wp:term":[{"taxonomy":"category","embeddable":true,"href":"https:\/\/archive.sana.sy\/es\/index.php?rest_route=%2Fwp%2Fv2%2Fcategories&post=42903"},{"taxonomy":"post_tag","embeddable":true,"href":"https:\/\/archive.sana.sy\/es\/index.php?rest_route=%2Fwp%2Fv2%2Ftags&post=42903"}],"curies":[{"name":"wp","href":"https:\/\/api.w.org\/{rel}","templated":true}]}}