{"id":42956,"date":"2016-05-03T23:37:54","date_gmt":"2016-05-03T20:37:54","guid":{"rendered":"http:\/\/www.sana.sy\/es\/?p=42956"},"modified":"2016-05-04T15:40:56","modified_gmt":"2016-05-04T12:40:56","slug":"los-sirios-celebran-la-noche-del-israa-y-al-miray-orando-por-la-victoria-del-ejercito","status":"publish","type":"post","link":"https:\/\/archive.sana.sy\/es\/?p=42956","title":{"rendered":"Los sirios celebran la noche del &#8220;Israa y al Miray&#8221; orando por la victoria del Ej\u00e9rcito"},"content":{"rendered":"<p><span style=\"color: #800000\">Provincias, SANA<\/span><\/p>\n<p>El Ministerio de Asuntos Religiosos (Awqaf) y sus departamentos en las diferentes provincias celebraron la noche de &#8220;Israa y al Miray&#8221;, efectuando oraciones por la poblaci\u00f3n de Alepo y la victoria del Ej\u00e9rcito \u00c1rabe Sirio.<\/p>\n<p>En la Gran Mezquita de los Omeyas en Damasco, el Ministerio de Awqaf efectu\u00f3 una ceremonia religiosa en la que los participantes suplicaron a Dios para que proteja a la gente de Alepo ante la escalada de ataques terroristas.<\/p>\n<p>El Muft\u00ed de Damasco, Bashir Eid Bari, pidi\u00f3 a Dios que conceda victoria a Siria y su pueblo contra sus enemigos terroristas y contra todos los que quieren hacerle da\u00f1o.<\/p>\n<p>Por su parte, el Ministro de Asuntos Religiosas, Muhammad Abdul Sattar Sayyed, dijo que las voces se alzan en las mezquitas de todas las provincias de Siria para pedir a Dios Todopoderoso que conceda victoria al Ej\u00e9rcito sirio,\u00a0y para proteger a las personas valientes de Alepo.<\/p>\n<p>De igual manera, se efectuaron ceremonias similares en las dem\u00e1s provincias del pa\u00eds.<br \/>\nFady M., Lynn A.<\/p>\n","protected":false},"excerpt":{"rendered":"<p>Provincias, SANA El Ministerio de Asuntos Religiosos (Awqaf) y sus departamentos en las diferentes provincias celebraron la noche de &#8220;Israa y al Miray&#8221;, efectuando oraciones por la poblaci\u00f3n de Alepo y la victoria del Ej\u00e9rcito \u00c1rabe Sirio. En la Gran Mezquita de los Omeyas en Damasco, el Ministerio de Awqaf efectu\u00f3 una ceremonia religiosa en &hellip;<\/p>\n","protected":false},"author":24,"featured_media":42957,"comment_status":"closed","ping_status":"closed","sticky":false,"template":"","format":"standard","meta":{"footnotes":""},"categories":[477,476],"tags":[],"class_list":["post-42956","post","type-post","status-publish","format-standard","has-post-thumbnail","","category-noticias-edulcorantes","category-locales"],"_links":{"self":[{"href":"https:\/\/archive.sana.sy\/es\/index.php?rest_route=\/wp\/v2\/posts\/42956"}],"collection":[{"href":"https:\/\/archive.sana.sy\/es\/index.php?rest_route=\/wp\/v2\/posts"}],"about":[{"href":"https:\/\/archive.sana.sy\/es\/index.php?rest_route=\/wp\/v2\/types\/post"}],"author":[{"embeddable":true,"href":"https:\/\/archive.sana.sy\/es\/index.php?rest_route=\/wp\/v2\/users\/24"}],"replies":[{"embeddable":true,"href":"https:\/\/archive.sana.sy\/es\/index.php?rest_route=%2Fwp%2Fv2%2Fcomments&post=42956"}],"version-history":[{"count":0,"href":"https:\/\/archive.sana.sy\/es\/index.php?rest_route=\/wp\/v2\/posts\/42956\/revisions"}],"wp:featuredmedia":[{"embeddable":true,"href":"https:\/\/archive.sana.sy\/es\/index.php?rest_route=\/wp\/v2\/media\/42957"}],"wp:attachment":[{"href":"https:\/\/archive.sana.sy\/es\/index.php?rest_route=%2Fwp%2Fv2%2Fmedia&parent=42956"}],"wp:term":[{"taxonomy":"category","embeddable":true,"href":"https:\/\/archive.sana.sy\/es\/index.php?rest_route=%2Fwp%2Fv2%2Fcategories&post=42956"},{"taxonomy":"post_tag","embeddable":true,"href":"https:\/\/archive.sana.sy\/es\/index.php?rest_route=%2Fwp%2Fv2%2Ftags&post=42956"}],"curies":[{"name":"wp","href":"https:\/\/api.w.org\/{rel}","templated":true}]}}