{"id":43007,"date":"2016-05-04T21:09:10","date_gmt":"2016-05-04T18:09:10","guid":{"rendered":"http:\/\/www.sana.sy\/es\/?p=43007"},"modified":"2016-05-04T21:09:10","modified_gmt":"2016-05-04T18:09:10","slug":"al-hilal-se-reune-con-figuras-de-la-ciudad-de-alepo","status":"publish","type":"post","link":"https:\/\/archive.sana.sy\/es\/?p=43007","title":{"rendered":"Al-Hilal se re\u00fane con figuras de la ciudad de Alepo"},"content":{"rendered":"<p style=\"text-align: justify\"><span style=\"color: #800000\">Alepo, SANA<\/span>&#8211; El secretario general adjunto del partido \u00c1rabe Socialista de al-Baath, Hilal al-Hilal, manifest\u00f3 que la resistencia de los vecinos de Alepo es m\u00e1s fuerte que el terrorismo. Consider\u00f3 que lo que ocurre en Siria en general y en Alepo en especial por parte de las organizaciones terroristas \u201cson cr\u00edmenes sistematizados\u201d destinados a debilitar a Siria y su pueblo.<\/p>\n<p style=\"text-align: justify\">Durante su reuni\u00f3n con figuras del poblado la ciudad de Alepo, al-Hilal dijo que los ataques terroristas contra los barrios residenciales y la infraestructura que causaron la muerte de mujeres y ni\u00f1os, y heridas a cientos de civiles inocentes indican un profundo odio y una criminalidad sistem\u00e1tica de los asesinos y de sus partidarios, en particular , los reg\u00edmenes de Turqu\u00eda, Arabia Saudita y Qatar, subrayando que la ciudad de Alepo y su gente seguir\u00e1 siendo para todos el honorable ejemplo de la resistencia contra el terrorismo y hasta lograr la victoria final.<\/p>\n<p style=\"text-align: justify\"><a href=\"http:\/\/www.sana.sy\/es\/?attachment_id=43009\" rel=\"attachment wp-att-43009\"><img loading=\"lazy\" decoding=\"async\" class=\"alignnone size-medium wp-image-43009\" src=\"http:\/\/www.sana.sy\/es\/wp-content\/uploads\/2016\/05\/2-32-300x191-300x191.jpg\" alt=\"2-32-300x191\" width=\"300\" height=\"191\" srcset=\"https:\/\/archive.sana.sy\/es\/wp-content\/uploads\/2016\/05\/2-32-300x191.jpg 300w, https:\/\/archive.sana.sy\/es\/wp-content\/uploads\/2016\/05\/2-32-300x191-150x96.jpg 150w\" sizes=\"(max-width: 300px) 100vw, 300px\" \/><\/a><\/p>\n<p style=\"text-align: justify\">Por su parte, el ministro de Electricidad, Imad Khamis, hizo una presentaci\u00f3n de la realidad del sector electro, en Siria en general y en la ciudad de Alepo en particular, y asegur\u00f3 que el ministerio har\u00e1 todo lo posible para garantizar la energ\u00eda electica a los ciudadanos de Alepo.<\/p>\n<p style=\"text-align: justify\">En este sentido, el gobernador de Alepo habl\u00f3 detalladamente sobre la realidad de los servicios en la ciuadd y sobre las medidas adoptadas para satisfacer las necesidades y aliviar el sufrimiento de los ciudadanos de Alepo.<\/p>\n<p style=\"text-align: justify\">Por otra parte, el secretario general adjunto efectu\u00f3 una gira en el barrio al-Sabil, que fue atacado a manos de los terroristas, para estar al tanto del tama\u00f1o del da\u00f1o que sufri\u00f3 el barrio y los servicios prestados a los lugare\u00f1os del barrio.<\/p>\n<p>M.Miri<\/p>\n","protected":false},"excerpt":{"rendered":"<p>Alepo, SANA&#8211; El secretario general adjunto del partido \u00c1rabe Socialista de al-Baath, Hilal al-Hilal, manifest\u00f3 que la resistencia de los vecinos de Alepo es m\u00e1s fuerte que el terrorismo. Consider\u00f3 que lo que ocurre en Siria en general y en Alepo en especial por parte de las organizaciones terroristas \u201cson cr\u00edmenes sistematizados\u201d destinados a debilitar &hellip;<\/p>\n","protected":false},"author":1,"featured_media":43008,"comment_status":"closed","ping_status":"closed","sticky":false,"template":"","format":"standard","meta":{"footnotes":""},"categories":[477,476,7541],"tags":[8564],"class_list":["post-43007","post","type-post","status-publish","format-standard","has-post-thumbnail","","category-noticias-edulcorantes","category-locales","category-ultimas-noticias","tag-al-hilal-se-reune-con-figuras-de-la-ciudad-de-alepo"],"_links":{"self":[{"href":"https:\/\/archive.sana.sy\/es\/index.php?rest_route=\/wp\/v2\/posts\/43007"}],"collection":[{"href":"https:\/\/archive.sana.sy\/es\/index.php?rest_route=\/wp\/v2\/posts"}],"about":[{"href":"https:\/\/archive.sana.sy\/es\/index.php?rest_route=\/wp\/v2\/types\/post"}],"author":[{"embeddable":true,"href":"https:\/\/archive.sana.sy\/es\/index.php?rest_route=\/wp\/v2\/users\/1"}],"replies":[{"embeddable":true,"href":"https:\/\/archive.sana.sy\/es\/index.php?rest_route=%2Fwp%2Fv2%2Fcomments&post=43007"}],"version-history":[{"count":0,"href":"https:\/\/archive.sana.sy\/es\/index.php?rest_route=\/wp\/v2\/posts\/43007\/revisions"}],"wp:featuredmedia":[{"embeddable":true,"href":"https:\/\/archive.sana.sy\/es\/index.php?rest_route=\/wp\/v2\/media\/43008"}],"wp:attachment":[{"href":"https:\/\/archive.sana.sy\/es\/index.php?rest_route=%2Fwp%2Fv2%2Fmedia&parent=43007"}],"wp:term":[{"taxonomy":"category","embeddable":true,"href":"https:\/\/archive.sana.sy\/es\/index.php?rest_route=%2Fwp%2Fv2%2Fcategories&post=43007"},{"taxonomy":"post_tag","embeddable":true,"href":"https:\/\/archive.sana.sy\/es\/index.php?rest_route=%2Fwp%2Fv2%2Ftags&post=43007"}],"curies":[{"name":"wp","href":"https:\/\/api.w.org\/{rel}","templated":true}]}}