{"id":43150,"date":"2016-05-07T12:55:13","date_gmt":"2016-05-07T09:55:13","guid":{"rendered":"http:\/\/www.sana.sy\/es\/?p=43150"},"modified":"2016-05-07T19:36:53","modified_gmt":"2016-05-07T16:36:53","slug":"puerta-del-sol-un-gran-evento-cultural-en-el-anfiteatro-de-palmira","status":"publish","type":"post","link":"https:\/\/archive.sana.sy\/es\/?p=43150","title":{"rendered":"\u201cPuerta del Sol\u201d, un gran evento cultural en el anfiteatro de Palmira"},"content":{"rendered":"<p><span style=\"color: #800000\">Homs, SANA<\/span><\/p>\n<p style=\"text-align: justify\">Bajo los auspicios del presidente Bashar al Assad y en memoria de los m\u00e1rtires de la patria, se celebr\u00f3 la noche del viernes un gran evento cultural bajo el lema: &#8220;Palmira, la Puerta del Sol&#8221;.<\/p>\n<p style=\"text-align: justify\">Actuaron en el anfiteatro de Palmira: la Orquesta Sinf\u00f3nica Nacional Siria, la Banda Nacional de M\u00fasica \u00c1rabe, la Orquesta Mari y el coro \u201cFarah\u201d.<\/p>\n<p style=\"text-align: justify\">Asistieron al evento: familias de m\u00e1rtires de Palmira y de las provincias sirias, los ministros de Asuntos Presidenciales, de Turismo y de Cultura, adem\u00e1s de figuras culturales, populares, period\u00edsticas y art\u00edsticas que llenaron el anfiteatro de Palmira donde caben 1500 personas.<\/p>\n<p style=\"text-align: justify\">Durante m\u00e1s de dos horas, los equipos participantes presentaron piezas musicales y canciones que glorifican la victoria del Ej\u00e9rcito sirio contra la barbarie y la convivencia en Siria.<\/p>\n<p style=\"text-align: justify\">Las bandas y los coros participantes cantaron canciones y tocaron piezas musicales bajo los t\u00edtulos: \u201csaludo al m\u00e1rtir\u201d, \u201cPalmira, Fenicia, Mari y Ugarit\u201d, \u201cPalmira, la puesta del sol\u201d.<\/p>\n<p style=\"text-align: justify\">En declaraciones a la prensa, el ministro de Cultura, Essam Jalil, dijo que la celebraci\u00f3n de este evento trasmite un mensaje al mundo de que &#8220;los sirios son los hijos del sol y continuar\u00e1n su brillo y gloria.&#8221;<\/p>\n<p style=\"text-align: justify\">A su vez, el ministro de Turismo, Bisher Yazici, dijo que los sacrificios del Ej\u00e9rcito \u00c1rabe Siria han devuelto a Palmira a su contexto hist\u00f3rico y humano.<\/p>\n<p style=\"text-align: justify\">Asimismo, el gobernador de Homs, Talal Barazi, declar\u00f3 que Siria seguir\u00e1 siendo un pa\u00eds del amor, paz, cultura, civilizaci\u00f3n e historia y no puede aceptar a los grupos extremistas, criminales y asesinos, y seguir\u00e1 siendo un pa\u00eds de la convivencia y el amor.<\/p>\n<div id='gallery-1' class='gallery galleryid-43150 gallery-columns-3 gallery-size-thumbnail'><figure class='gallery-item'>\n\t\t\t<div class='gallery-icon landscape'>\n\t\t\t\t<a href='https:\/\/archive.sana.sy\/es\/wp-content\/uploads\/2016\/05\/puerta-del-sol-5.jpg'><img loading=\"lazy\" decoding=\"async\" width=\"150\" height=\"84\" src=\"https:\/\/archive.sana.sy\/es\/wp-content\/uploads\/2016\/05\/puerta-del-sol-5-150x84.jpg\" class=\"attachment-thumbnail size-thumbnail\" alt=\"\" srcset=\"https:\/\/archive.sana.sy\/es\/wp-content\/uploads\/2016\/05\/puerta-del-sol-5-150x84.jpg 150w, https:\/\/archive.sana.sy\/es\/wp-content\/uploads\/2016\/05\/puerta-del-sol-5-300x168.jpg 300w, https:\/\/archive.sana.sy\/es\/wp-content\/uploads\/2016\/05\/puerta-del-sol-5.jpg 660w\" sizes=\"(max-width: 150px) 100vw, 150px\" \/><\/a>\n\t\t\t<\/div><\/figure><figure class='gallery-item'>\n\t\t\t<div class='gallery-icon landscape'>\n\t\t\t\t<a href='https:\/\/archive.sana.sy\/es\/wp-content\/uploads\/2016\/05\/puerta-del-sol-4.jpg'><img loading=\"lazy\" decoding=\"async\" width=\"150\" height=\"84\" src=\"https:\/\/archive.sana.sy\/es\/wp-content\/uploads\/2016\/05\/puerta-del-sol-4-150x84.jpg\" class=\"attachment-thumbnail size-thumbnail\" alt=\"\" srcset=\"https:\/\/archive.sana.sy\/es\/wp-content\/uploads\/2016\/05\/puerta-del-sol-4-150x84.jpg 150w, https:\/\/archive.sana.sy\/es\/wp-content\/uploads\/2016\/05\/puerta-del-sol-4-300x168.jpg 300w, https:\/\/archive.sana.sy\/es\/wp-content\/uploads\/2016\/05\/puerta-del-sol-4.jpg 660w\" sizes=\"(max-width: 150px) 100vw, 150px\" \/><\/a>\n\t\t\t<\/div><\/figure><figure class='gallery-item'>\n\t\t\t<div class='gallery-icon landscape'>\n\t\t\t\t<a href='https:\/\/archive.sana.sy\/es\/wp-content\/uploads\/2016\/05\/puerta-del-sol-3.jpg'><img loading=\"lazy\" decoding=\"async\" width=\"150\" height=\"84\" src=\"https:\/\/archive.sana.sy\/es\/wp-content\/uploads\/2016\/05\/puerta-del-sol-3-150x84.jpg\" class=\"attachment-thumbnail size-thumbnail\" alt=\"\" srcset=\"https:\/\/archive.sana.sy\/es\/wp-content\/uploads\/2016\/05\/puerta-del-sol-3-150x84.jpg 150w, https:\/\/archive.sana.sy\/es\/wp-content\/uploads\/2016\/05\/puerta-del-sol-3-300x168.jpg 300w, https:\/\/archive.sana.sy\/es\/wp-content\/uploads\/2016\/05\/puerta-del-sol-3.jpg 660w\" sizes=\"(max-width: 150px) 100vw, 150px\" \/><\/a>\n\t\t\t<\/div><\/figure><figure class='gallery-item'>\n\t\t\t<div class='gallery-icon landscape'>\n\t\t\t\t<a href='https:\/\/archive.sana.sy\/es\/wp-content\/uploads\/2016\/05\/puerta-del-sol-2.jpg'><img loading=\"lazy\" decoding=\"async\" width=\"150\" height=\"84\" src=\"https:\/\/archive.sana.sy\/es\/wp-content\/uploads\/2016\/05\/puerta-del-sol-2-150x84.jpg\" class=\"attachment-thumbnail size-thumbnail\" alt=\"\" srcset=\"https:\/\/archive.sana.sy\/es\/wp-content\/uploads\/2016\/05\/puerta-del-sol-2-150x84.jpg 150w, https:\/\/archive.sana.sy\/es\/wp-content\/uploads\/2016\/05\/puerta-del-sol-2-300x168.jpg 300w, https:\/\/archive.sana.sy\/es\/wp-content\/uploads\/2016\/05\/puerta-del-sol-2.jpg 660w\" sizes=\"(max-width: 150px) 100vw, 150px\" \/><\/a>\n\t\t\t<\/div><\/figure><figure class='gallery-item'>\n\t\t\t<div class='gallery-icon landscape'>\n\t\t\t\t<a href='https:\/\/archive.sana.sy\/es\/wp-content\/uploads\/2016\/05\/puerta-del-sol-1.jpg'><img loading=\"lazy\" decoding=\"async\" width=\"150\" height=\"84\" src=\"https:\/\/archive.sana.sy\/es\/wp-content\/uploads\/2016\/05\/puerta-del-sol-1-150x84.jpg\" class=\"attachment-thumbnail size-thumbnail\" alt=\"\" srcset=\"https:\/\/archive.sana.sy\/es\/wp-content\/uploads\/2016\/05\/puerta-del-sol-1-150x84.jpg 150w, https:\/\/archive.sana.sy\/es\/wp-content\/uploads\/2016\/05\/puerta-del-sol-1-300x168.jpg 300w, https:\/\/archive.sana.sy\/es\/wp-content\/uploads\/2016\/05\/puerta-del-sol-1.jpg 660w\" sizes=\"(max-width: 150px) 100vw, 150px\" \/><\/a>\n\t\t\t<\/div><\/figure>\n\t\t<\/div>\n\n<p>&nbsp;<\/p>\n<p>El enlace del video:\u00a0https:\/\/youtu.be\/d0H5z7o0-p8<\/p>\n<p>&nbsp;<\/p>\n<p>Fady M., Lynn A.<\/p>\n","protected":false},"excerpt":{"rendered":"<p>Homs, SANA Bajo los auspicios del presidente Bashar al Assad y en memoria de los m\u00e1rtires de la patria, se celebr\u00f3 la noche del viernes un gran evento cultural bajo el lema: &#8220;Palmira, la Puerta del Sol&#8221;. Actuaron en el anfiteatro de Palmira: la Orquesta Sinf\u00f3nica Nacional Siria, la Banda Nacional de M\u00fasica \u00c1rabe, la &hellip;<\/p>\n","protected":false},"author":24,"featured_media":43158,"comment_status":"closed","ping_status":"closed","sticky":false,"template":"","format":"standard","meta":{"footnotes":""},"categories":[477,476,583],"tags":[],"class_list":["post-43150","post","type-post","status-publish","format-standard","has-post-thumbnail","","category-noticias-edulcorantes","category-locales","category-slide"],"_links":{"self":[{"href":"https:\/\/archive.sana.sy\/es\/index.php?rest_route=\/wp\/v2\/posts\/43150"}],"collection":[{"href":"https:\/\/archive.sana.sy\/es\/index.php?rest_route=\/wp\/v2\/posts"}],"about":[{"href":"https:\/\/archive.sana.sy\/es\/index.php?rest_route=\/wp\/v2\/types\/post"}],"author":[{"embeddable":true,"href":"https:\/\/archive.sana.sy\/es\/index.php?rest_route=\/wp\/v2\/users\/24"}],"replies":[{"embeddable":true,"href":"https:\/\/archive.sana.sy\/es\/index.php?rest_route=%2Fwp%2Fv2%2Fcomments&post=43150"}],"version-history":[{"count":0,"href":"https:\/\/archive.sana.sy\/es\/index.php?rest_route=\/wp\/v2\/posts\/43150\/revisions"}],"wp:featuredmedia":[{"embeddable":true,"href":"https:\/\/archive.sana.sy\/es\/index.php?rest_route=\/wp\/v2\/media\/43158"}],"wp:attachment":[{"href":"https:\/\/archive.sana.sy\/es\/index.php?rest_route=%2Fwp%2Fv2%2Fmedia&parent=43150"}],"wp:term":[{"taxonomy":"category","embeddable":true,"href":"https:\/\/archive.sana.sy\/es\/index.php?rest_route=%2Fwp%2Fv2%2Fcategories&post=43150"},{"taxonomy":"post_tag","embeddable":true,"href":"https:\/\/archive.sana.sy\/es\/index.php?rest_route=%2Fwp%2Fv2%2Ftags&post=43150"}],"curies":[{"name":"wp","href":"https:\/\/api.w.org\/{rel}","templated":true}]}}