{"id":43176,"date":"2016-05-07T15:00:51","date_gmt":"2016-05-07T12:00:51","guid":{"rendered":"http:\/\/www.sana.sy\/es\/?p=43176"},"modified":"2016-05-07T19:37:31","modified_gmt":"2016-05-07T16:37:31","slug":"gobernador-de-latakia-recibe-a-una-delegacion-del-frente-europeo-para-el-apoyo-a-siria","status":"publish","type":"post","link":"https:\/\/archive.sana.sy\/es\/?p=43176","title":{"rendered":"Gobernador de Latakia recibe a una delegaci\u00f3n del Frente Europeo para el Apoyo a Siria"},"content":{"rendered":"<p><span style=\"color: #800000\">Latakia, SANA<\/span><\/p>\n<p style=\"text-align: justify\">El gobernador de Latakia, Ibrahim Khedr al-Salem se reuni\u00f3 este s\u00e1bado con una delegaci\u00f3n del Frente Europeo para el Apoyo a Siria.<\/p>\n<p style=\"text-align: justify\">Durante la reuni\u00f3n, al-Salem se\u00f1al\u00f3 que su gobernaci\u00f3n se est\u00e1 esforzando para rehabilitar la infraestructura y los sectores de servicio en las localidades al norte de Latakia, que se ven afectados por los actos\u00a0terroristas.<\/p>\n<p style=\"text-align: justify\">Esper\u00f3\u00a0que los miembros de la delegaci\u00f3n transmitan la realidad del terrorismo que sufre Siria a los pueblos europeos.<\/p>\n<p style=\"text-align: justify\">\u201cContamos con los pueblos y no con los gobiernos que se ven subyugados\u00a0a veces\u201d, dijo.<\/p>\n<p style=\"text-align: justify\">Explic\u00f3 que Latakia acoge a miles de desplazados de otras provincias que huyeron de los cr\u00edmenes de las organizaciones terroristas patrocinadas por Arabia Saudita y Turqu\u00eda.<\/p>\n<p style=\"text-align: justify\">A su vez, los miembros de la delegaci\u00f3n lamentaron profundamente la destrucci\u00f3n que causaron los terroristas en algunas zonas al norte la provincia, tal como Kasab, manifestando su plena disposici\u00f3n para ayudar a la provincia costera de Latakia.<\/p>\n<p style=\"text-align: justify\">En declaraciones a la prensa, el jefe de la delegaci\u00f3n, Robin Rosires denunci\u00f3 la guerra terrorista librada contra Siria, expresando sus sentimientos de admiraci\u00f3n y aprecio al pueblo que est\u00e1 combatiendo\u00a0a este flagelo miliariamente, socialmente, humanitariamente y moralmente.<\/p>\n<p style=\"text-align: justify\">Es de se\u00f1alar que la delegaci\u00f3n incluye a expatriados sirios y activistas de B\u00e9lgica.<\/p>\n<p>&nbsp;<\/p>\n<p>&nbsp;<\/p>\n<p>Lynn A.<\/p>\n","protected":false},"excerpt":{"rendered":"<p>Latakia, SANA El gobernador de Latakia, Ibrahim Khedr al-Salem se reuni\u00f3 este s\u00e1bado con una delegaci\u00f3n del Frente Europeo para el Apoyo a Siria. Durante la reuni\u00f3n, al-Salem se\u00f1al\u00f3 que su gobernaci\u00f3n se est\u00e1 esforzando para rehabilitar la infraestructura y los sectores de servicio en las localidades al norte de Latakia, que se ven afectados &hellip;<\/p>\n","protected":false},"author":24,"featured_media":43179,"comment_status":"closed","ping_status":"closed","sticky":false,"template":"","format":"standard","meta":{"footnotes":""},"categories":[477,476,7541],"tags":[],"class_list":["post-43176","post","type-post","status-publish","format-standard","has-post-thumbnail","","category-noticias-edulcorantes","category-locales","category-ultimas-noticias"],"_links":{"self":[{"href":"https:\/\/archive.sana.sy\/es\/index.php?rest_route=\/wp\/v2\/posts\/43176"}],"collection":[{"href":"https:\/\/archive.sana.sy\/es\/index.php?rest_route=\/wp\/v2\/posts"}],"about":[{"href":"https:\/\/archive.sana.sy\/es\/index.php?rest_route=\/wp\/v2\/types\/post"}],"author":[{"embeddable":true,"href":"https:\/\/archive.sana.sy\/es\/index.php?rest_route=\/wp\/v2\/users\/24"}],"replies":[{"embeddable":true,"href":"https:\/\/archive.sana.sy\/es\/index.php?rest_route=%2Fwp%2Fv2%2Fcomments&post=43176"}],"version-history":[{"count":0,"href":"https:\/\/archive.sana.sy\/es\/index.php?rest_route=\/wp\/v2\/posts\/43176\/revisions"}],"wp:featuredmedia":[{"embeddable":true,"href":"https:\/\/archive.sana.sy\/es\/index.php?rest_route=\/wp\/v2\/media\/43179"}],"wp:attachment":[{"href":"https:\/\/archive.sana.sy\/es\/index.php?rest_route=%2Fwp%2Fv2%2Fmedia&parent=43176"}],"wp:term":[{"taxonomy":"category","embeddable":true,"href":"https:\/\/archive.sana.sy\/es\/index.php?rest_route=%2Fwp%2Fv2%2Fcategories&post=43176"},{"taxonomy":"post_tag","embeddable":true,"href":"https:\/\/archive.sana.sy\/es\/index.php?rest_route=%2Fwp%2Fv2%2Ftags&post=43176"}],"curies":[{"name":"wp","href":"https:\/\/api.w.org\/{rel}","templated":true}]}}