{"id":43208,"date":"2016-05-07T20:53:30","date_gmt":"2016-05-07T17:53:30","guid":{"rendered":"http:\/\/www.sana.sy\/es\/?p=43208"},"modified":"2016-05-07T20:53:30","modified_gmt":"2016-05-07T17:53:30","slug":"reparten-ayudas-humanitarias-a-los-vecinos-de-la-localidad-de-yebab-en-daraa","status":"publish","type":"post","link":"https:\/\/archive.sana.sy\/es\/?p=43208","title":{"rendered":"Reparten ayudas humanitarias a los vecinos de la localidad de Yebab en Daraa"},"content":{"rendered":"<p style=\"text-align: justify\"><span style=\"color: #800000\">Daraa, SANA<\/span>&#8211; Un lote de ayuda humanitaria proporcionada por la Federaci\u00f3n de Rusia se entreg\u00f3 hoy a los lugare\u00f1os de la localidad de Yebab y a los desplazados que se encuentran en dicha localidad, en cooperaci\u00f3n con la Gobernaci\u00f3n de la provincia de Daraa.<\/p>\n<p style=\"text-align: justify\">El presidente del Centro Ruso de Reconciliaci\u00f3n, cuya sede en la base de Humaimam, el coronel Yuri Zreif dijo en una declaraci\u00f3n a la prensa que\u201d el pueblo sirio ha sido capaz de enfrentar el terrorismo y esta ayuda es una peque\u00f1a parte de la ayuda proporcionada por Rusia.\u201d<\/p>\n<p style=\"text-align: justify\"><a href=\"http:\/\/www.sana.sy\/es\/?attachment_id=43210\" rel=\"attachment wp-att-43210\"><img loading=\"lazy\" decoding=\"async\" class=\"alignnone size-medium wp-image-43210\" src=\"http:\/\/www.sana.sy\/es\/wp-content\/uploads\/2016\/05\/6-27-300x169.jpg\" alt=\"6-27\" width=\"300\" height=\"169\" srcset=\"https:\/\/archive.sana.sy\/es\/wp-content\/uploads\/2016\/05\/6-27-300x169.jpg 300w, https:\/\/archive.sana.sy\/es\/wp-content\/uploads\/2016\/05\/6-27-150x85.jpg 150w, https:\/\/archive.sana.sy\/es\/wp-content\/uploads\/2016\/05\/6-27.jpg 660w\" sizes=\"(max-width: 300px) 100vw, 300px\" \/><\/a><a href=\"http:\/\/www.sana.sy\/es\/?attachment_id=43211\" rel=\"attachment wp-att-43211\"><img loading=\"lazy\" decoding=\"async\" class=\"alignnone size-medium wp-image-43211\" src=\"http:\/\/www.sana.sy\/es\/wp-content\/uploads\/2016\/05\/5-34-300x169.jpg\" alt=\"5-34\" width=\"300\" height=\"169\" srcset=\"https:\/\/archive.sana.sy\/es\/wp-content\/uploads\/2016\/05\/5-34-300x169.jpg 300w, https:\/\/archive.sana.sy\/es\/wp-content\/uploads\/2016\/05\/5-34-150x85.jpg 150w, https:\/\/archive.sana.sy\/es\/wp-content\/uploads\/2016\/05\/5-34.jpg 660w\" sizes=\"(max-width: 300px) 100vw, 300px\" \/><\/a><\/p>\n<p style=\"text-align: justify\">A su vez, Mohammad Khaked al-Hanous, gobernador de Daraa, consider\u00f3 la ayuda rusa como una expresi\u00f3n sincera de la forme solidaridad y apoyo de los amigos rusos\u201d.<\/p>\n<p style=\"text-align: justify\"><a href=\"http:\/\/www.sana.sy\/es\/?attachment_id=43212\" rel=\"attachment wp-att-43212\"><img loading=\"lazy\" decoding=\"async\" class=\"alignnone size-medium wp-image-43212\" src=\"http:\/\/www.sana.sy\/es\/wp-content\/uploads\/2016\/05\/2-71-300x169-300x169.jpg\" alt=\"2-71-300x169\" width=\"300\" height=\"169\" srcset=\"https:\/\/archive.sana.sy\/es\/wp-content\/uploads\/2016\/05\/2-71-300x169.jpg 300w, https:\/\/archive.sana.sy\/es\/wp-content\/uploads\/2016\/05\/2-71-300x169-150x85.jpg 150w\" sizes=\"(max-width: 300px) 100vw, 300px\" \/><\/a><\/p>\n<p style=\"text-align: justify\">Por su parte, Nibal al-Hariri, directora de asuntos sociales en la ciudad de Darra, aclar\u00f3 que el gobierno ruso proporcion\u00f3 800 canastas alimentarias a 800 familias de los m\u00e1rtires y a los desplazados en la localidad, as\u00ed como otras 100 canastas a 100 ni\u00f1os de la localidad.<\/p>\n<p style=\"text-align: justify\"><a href=\"http:\/\/www.sana.sy\/es\/?attachment_id=43213\" rel=\"attachment wp-att-43213\"><img loading=\"lazy\" decoding=\"async\" class=\"alignnone size-medium wp-image-43213\" src=\"http:\/\/www.sana.sy\/es\/wp-content\/uploads\/2016\/05\/4-31-300x169-300x169.jpg\" alt=\"4-31-300x169\" width=\"300\" height=\"169\" srcset=\"https:\/\/archive.sana.sy\/es\/wp-content\/uploads\/2016\/05\/4-31-300x169.jpg 300w, https:\/\/archive.sana.sy\/es\/wp-content\/uploads\/2016\/05\/4-31-300x169-150x85.jpg 150w\" sizes=\"(max-width: 300px) 100vw, 300px\" \/><\/a><\/p>\n<p style=\"text-align: justify\">En este sentido, los habitantes de la localidad agradecieron la ayuda del gobierno ruso, confirmando que este apoyo ruso representa la fuerza de los lazos que unen a ambos pa\u00edses.<\/p>\n<p>M.Miri<\/p>\n","protected":false},"excerpt":{"rendered":"<p>Daraa, SANA&#8211; Un lote de ayuda humanitaria proporcionada por la Federaci\u00f3n de Rusia se entreg\u00f3 hoy a los lugare\u00f1os de la localidad de Yebab y a los desplazados que se encuentran en dicha localidad, en cooperaci\u00f3n con la Gobernaci\u00f3n de la provincia de Daraa. El presidente del Centro Ruso de Reconciliaci\u00f3n, cuya sede en la &hellip;<\/p>\n","protected":false},"author":1,"featured_media":43209,"comment_status":"closed","ping_status":"closed","sticky":false,"template":"","format":"standard","meta":{"footnotes":""},"categories":[477,476,7541],"tags":[8580,6695],"class_list":["post-43208","post","type-post","status-publish","format-standard","has-post-thumbnail","","category-noticias-edulcorantes","category-locales","category-ultimas-noticias","tag-ayudas","tag-rusia"],"_links":{"self":[{"href":"https:\/\/archive.sana.sy\/es\/index.php?rest_route=\/wp\/v2\/posts\/43208"}],"collection":[{"href":"https:\/\/archive.sana.sy\/es\/index.php?rest_route=\/wp\/v2\/posts"}],"about":[{"href":"https:\/\/archive.sana.sy\/es\/index.php?rest_route=\/wp\/v2\/types\/post"}],"author":[{"embeddable":true,"href":"https:\/\/archive.sana.sy\/es\/index.php?rest_route=\/wp\/v2\/users\/1"}],"replies":[{"embeddable":true,"href":"https:\/\/archive.sana.sy\/es\/index.php?rest_route=%2Fwp%2Fv2%2Fcomments&post=43208"}],"version-history":[{"count":0,"href":"https:\/\/archive.sana.sy\/es\/index.php?rest_route=\/wp\/v2\/posts\/43208\/revisions"}],"wp:featuredmedia":[{"embeddable":true,"href":"https:\/\/archive.sana.sy\/es\/index.php?rest_route=\/wp\/v2\/media\/43209"}],"wp:attachment":[{"href":"https:\/\/archive.sana.sy\/es\/index.php?rest_route=%2Fwp%2Fv2%2Fmedia&parent=43208"}],"wp:term":[{"taxonomy":"category","embeddable":true,"href":"https:\/\/archive.sana.sy\/es\/index.php?rest_route=%2Fwp%2Fv2%2Fcategories&post=43208"},{"taxonomy":"post_tag","embeddable":true,"href":"https:\/\/archive.sana.sy\/es\/index.php?rest_route=%2Fwp%2Fv2%2Ftags&post=43208"}],"curies":[{"name":"wp","href":"https:\/\/api.w.org\/{rel}","templated":true}]}}