{"id":43289,"date":"2016-05-10T12:04:00","date_gmt":"2016-05-10T09:04:00","guid":{"rendered":"http:\/\/www.sana.sy\/es\/?p=43289"},"modified":"2016-05-10T12:04:00","modified_gmt":"2016-05-10T09:04:00","slug":"ejercito-prolonga-por-48-horas-adicionales-la-tregua-en-alepo-y-el-campo-de-latakia","status":"publish","type":"post","link":"https:\/\/archive.sana.sy\/es\/?p=43289","title":{"rendered":"Ej\u00e9rcito prolonga por 48 horas adicionales la tregua en Alepo y el campo de Latakia"},"content":{"rendered":"<div style=\"text-align: justify\"><span lang=\"ES-TRAD\" style=\"color: #800000\">Damasco, SANA<\/span><\/div>\n<div style=\"text-align: justify\"><span lang=\"ES-TRAD\">\u00a0<\/span><\/div>\n<div style=\"text-align: justify\"><span lang=\"ES-TRAD\">El Comando General del Ej\u00e9rcito y las Fuerzas Armadas anunci\u00f3 la prolongaci\u00f3n por 48 horas adicionales a la tregua en la provincia de Alepo (ciudad y campo) y en el campo de Latakia.<\/span><\/div>\n<div style=\"text-align: justify\"><span lang=\"ES-TRAD\">\u00a0<\/span><\/div>\n<div style=\"text-align: justify\"><span lang=\"ES-TRAD\">Una declaraci\u00f3n del Comando General inform\u00f3 que &#8220;se prolonga la tregua en vigor en Alepo y su campo y en el campo de Latakia durante 48 horas adicionales que inician a partir de la 1:00 hora de la ma\u00f1ana del martes hasta las 24:00 horas del mi\u00e9rcoles 11\/05\/2016&#8221;.<\/span><\/div>\n<div style=\"text-align: justify\"><span lang=\"ES-TRAD\">\u00a0<\/span><\/div>\n<div style=\"text-align: justify\"><span lang=\"ES-TRAD\">La tregua no incluye a los grupos del Frente al Nousra, el Estado Isl\u00e1mico y otras organizaciones que figuran en la lista del terrorismo internacional.<\/span><\/div>\n<div style=\"text-align: justify\"><\/div>\n<div style=\"text-align: justify\"><span style=\"color: #0000ff\">Fady M., Hala B.<\/span><\/div>\n","protected":false},"excerpt":{"rendered":"<p>Damasco, SANA \u00a0 El Comando General del Ej\u00e9rcito y las Fuerzas Armadas anunci\u00f3 la prolongaci\u00f3n por 48 horas adicionales a la tregua en la provincia de Alepo (ciudad y campo) y en el campo de Latakia. \u00a0 Una declaraci\u00f3n del Comando General inform\u00f3 que &#8220;se prolonga la tregua en vigor en Alepo y su campo &hellip;<\/p>\n","protected":false},"author":1,"featured_media":43290,"comment_status":"closed","ping_status":"closed","sticky":false,"template":"","format":"standard","meta":{"footnotes":""},"categories":[597,573,457,576,7541],"tags":[8589],"class_list":["post-43289","post","type-post","status-publish","format-standard","has-post-thumbnail","","category-cinta-de-noticias","category-la-realidad-de-los-acontecimientos-en-siria","category-noticias-arabe-internacional-politica","category-noticias-politicas","category-ultimas-noticias","tag-ejercito-prolonga-por-48-horas-adicionales-la-tregua-en-alepo-y-el-campo-de-latakia"],"_links":{"self":[{"href":"https:\/\/archive.sana.sy\/es\/index.php?rest_route=\/wp\/v2\/posts\/43289"}],"collection":[{"href":"https:\/\/archive.sana.sy\/es\/index.php?rest_route=\/wp\/v2\/posts"}],"about":[{"href":"https:\/\/archive.sana.sy\/es\/index.php?rest_route=\/wp\/v2\/types\/post"}],"author":[{"embeddable":true,"href":"https:\/\/archive.sana.sy\/es\/index.php?rest_route=\/wp\/v2\/users\/1"}],"replies":[{"embeddable":true,"href":"https:\/\/archive.sana.sy\/es\/index.php?rest_route=%2Fwp%2Fv2%2Fcomments&post=43289"}],"version-history":[{"count":0,"href":"https:\/\/archive.sana.sy\/es\/index.php?rest_route=\/wp\/v2\/posts\/43289\/revisions"}],"wp:featuredmedia":[{"embeddable":true,"href":"https:\/\/archive.sana.sy\/es\/index.php?rest_route=\/wp\/v2\/media\/43290"}],"wp:attachment":[{"href":"https:\/\/archive.sana.sy\/es\/index.php?rest_route=%2Fwp%2Fv2%2Fmedia&parent=43289"}],"wp:term":[{"taxonomy":"category","embeddable":true,"href":"https:\/\/archive.sana.sy\/es\/index.php?rest_route=%2Fwp%2Fv2%2Fcategories&post=43289"},{"taxonomy":"post_tag","embeddable":true,"href":"https:\/\/archive.sana.sy\/es\/index.php?rest_route=%2Fwp%2Fv2%2Ftags&post=43289"}],"curies":[{"name":"wp","href":"https:\/\/api.w.org\/{rel}","templated":true}]}}