{"id":43295,"date":"2016-05-10T12:50:51","date_gmt":"2016-05-10T09:50:51","guid":{"rendered":"http:\/\/www.sana.sy\/es\/?p=43295"},"modified":"2016-05-10T19:00:07","modified_gmt":"2016-05-10T16:00:07","slug":"larijani-los-terroristas-utilizan-la-tregua-para-cometer-crimenes-y-recibir-mas-armas","status":"publish","type":"post","link":"https:\/\/archive.sana.sy\/es\/?p=43295","title":{"rendered":"Velayati: la crisis en Siria no puede resolverse militarmente sino por los medios pol\u00edticos"},"content":{"rendered":"<div style=\"text-align: justify\"><\/div>\n<div class=\"yj6qo ajU\">\n<div id=\":wx\" class=\"ajR\" style=\"text-align: justify\"><img decoding=\"async\" class=\"ajT\" src=\"https:\/\/ssl.gstatic.com\/ui\/v1\/icons\/mail\/images\/cleardot.gif\" \/><br \/>\n<span style=\"color: #800000\">Teher\u00e1n, SANA<\/span>&#8211; El asesor del comandante de la Revoluci\u00f3n Isl\u00e1mica de Ir\u00e1n para Asuntos Internacionales, Ali Akbar Velayati, hizo hincapi\u00e9 en que la crisis en Siria no puede resolverse militarmente, fuertemente la divisi\u00f3n de los pa\u00edses de la regi\u00f3n.<\/p>\n<p>Velayati, en declaraciones tras su reuni\u00f3n con el canciller alem\u00e1n adjunto Markus Eder en Teher\u00e1n dijo &#8221; Ir\u00e1n y Alemania exigen una soluci\u00f3n pac\u00edfica y r\u00e1pida a los problemas de los pa\u00edses&#8221;, y a\u00f1adi\u00f3 que la pol\u00edtica de Ir\u00e1n se basa en hacer frente a los movimientos terroristas, se\u00f1alando que la idea de dividir a los terroristas entre l moderados y extremistas, tiene como objetivo justificar las acciones peligrosas de la regi\u00f3n.&#8221;<\/p>\n<p>Por su parte, el diplom\u00e1tico alem\u00e1n expres\u00f3 la preocupaci\u00f3n iran\u00ed-alemana acerca de la inestabilidad en la regi\u00f3n, calificando sus conversaciones con Velayati como \u00fatiles y constructivas y que se trataron diversos temas de relaciones bilaterales y los desarrollos regionales, en particular con respecto a la situaci\u00f3n en Siria, Yemen e Irak.<\/p>\n<p>El canciller alem\u00e1n adjunto aclar\u00f3 que Teher\u00e1n y Berl\u00edn comparten la misma posici\u00f3n sobre estos temas, haciendo hincapi\u00e9 en que ambos pa\u00edses est\u00e1n de acuerdo en que no hay una soluci\u00f3n militar a la crisis en Siria y la situaci\u00f3n requiere una soluci\u00f3n pol\u00edtica cuenta con el apoyo del pueblo sirio.<\/p>\n<p><span style=\"color: #0000ff\">Larijani: los terroristas utilizan la tregua para cometer cr\u00edmenes y recibir m\u00e1s armas<\/span><\/div>\n<div class=\"ajR\" style=\"text-align: justify\"><a href=\"http:\/\/www.sana.sy\/es\/?attachment_id=43296\" rel=\"attachment wp-att-43296\"><img loading=\"lazy\" decoding=\"async\" class=\"alignnone size-medium wp-image-43296\" src=\"http:\/\/www.sana.sy\/es\/wp-content\/uploads\/2016\/05\/larjan-300x150.jpg\" alt=\"larjan\" width=\"300\" height=\"150\" srcset=\"https:\/\/archive.sana.sy\/es\/wp-content\/uploads\/2016\/05\/larjan-300x150.jpg 300w, https:\/\/archive.sana.sy\/es\/wp-content\/uploads\/2016\/05\/larjan-150x75.jpg 150w, https:\/\/archive.sana.sy\/es\/wp-content\/uploads\/2016\/05\/larjan.jpg 660w\" sizes=\"(max-width: 300px) 100vw, 300px\" \/><\/a><\/p>\n<p>El Presidente del Consejo de la Shura de Ir\u00e1n, Ali Larijani, conden\u00f3 los cr\u00edmenes de los grupos terroristas contra el pueblo sirio, especialmente en la ciudad de Alepo.<\/p>\n<p>En un discurso ante el Consejo de la Shura este martes, Larijani se\u00f1al\u00f3 que los terroristas se est\u00e1n aprovechando del acuerdo de cese de hostilidades para cometer cr\u00edmenes y recibir m\u00e1s armas de los pa\u00edses que los patrocinan.<\/p>\n<p>Asimismo, consider\u00f3 que los pa\u00edses occidentales, en particular Estados Unidos env\u00edan armas a las organizaciones terroristas en Siria en el momento en que hablan de hacer frente al terrorismo del Frente al Nousra y el Estado Isl\u00e1mico, destacando que esas armas ser\u00e1n usadas por los terroristas en el futuro para atacar a esos pa\u00edses.<\/p>\n<p>Fady M., Hala B, M Miri<\/p><\/div>\n<\/div>\n","protected":false},"excerpt":{"rendered":"<p>Teher\u00e1n, SANA&#8211; El asesor del comandante de la Revoluci\u00f3n Isl\u00e1mica de Ir\u00e1n para Asuntos Internacionales, Ali Akbar Velayati, hizo hincapi\u00e9 en que la crisis en Siria no puede resolverse militarmente, fuertemente la divisi\u00f3n de los pa\u00edses de la regi\u00f3n. Velayati, en declaraciones tras su reuni\u00f3n con el canciller alem\u00e1n adjunto Markus Eder en Teher\u00e1n dijo &hellip;<\/p>\n","protected":false},"author":1,"featured_media":43313,"comment_status":"closed","ping_status":"closed","sticky":false,"template":"","format":"standard","meta":{"footnotes":""},"categories":[597,457,576,7541],"tags":[2866,8591],"class_list":["post-43295","post","type-post","status-publish","format-standard","has-post-thumbnail","","category-cinta-de-noticias","category-noticias-arabe-internacional-politica","category-noticias-politicas","category-ultimas-noticias","tag-iran","tag-larijani-los-terroristas-utilizan-la-tregua-para-cometer-crimenes-y-recibir-mas-armas"],"_links":{"self":[{"href":"https:\/\/archive.sana.sy\/es\/index.php?rest_route=\/wp\/v2\/posts\/43295"}],"collection":[{"href":"https:\/\/archive.sana.sy\/es\/index.php?rest_route=\/wp\/v2\/posts"}],"about":[{"href":"https:\/\/archive.sana.sy\/es\/index.php?rest_route=\/wp\/v2\/types\/post"}],"author":[{"embeddable":true,"href":"https:\/\/archive.sana.sy\/es\/index.php?rest_route=\/wp\/v2\/users\/1"}],"replies":[{"embeddable":true,"href":"https:\/\/archive.sana.sy\/es\/index.php?rest_route=%2Fwp%2Fv2%2Fcomments&post=43295"}],"version-history":[{"count":0,"href":"https:\/\/archive.sana.sy\/es\/index.php?rest_route=\/wp\/v2\/posts\/43295\/revisions"}],"wp:featuredmedia":[{"embeddable":true,"href":"https:\/\/archive.sana.sy\/es\/index.php?rest_route=\/wp\/v2\/media\/43313"}],"wp:attachment":[{"href":"https:\/\/archive.sana.sy\/es\/index.php?rest_route=%2Fwp%2Fv2%2Fmedia&parent=43295"}],"wp:term":[{"taxonomy":"category","embeddable":true,"href":"https:\/\/archive.sana.sy\/es\/index.php?rest_route=%2Fwp%2Fv2%2Fcategories&post=43295"},{"taxonomy":"post_tag","embeddable":true,"href":"https:\/\/archive.sana.sy\/es\/index.php?rest_route=%2Fwp%2Fv2%2Ftags&post=43295"}],"curies":[{"name":"wp","href":"https:\/\/api.w.org\/{rel}","templated":true}]}}