{"id":43306,"date":"2016-05-10T19:51:05","date_gmt":"2016-05-10T16:51:05","guid":{"rendered":"http:\/\/www.sana.sy\/es\/?p=43306"},"modified":"2016-05-10T19:54:14","modified_gmt":"2016-05-10T16:54:14","slug":"de-mistura-espera-reanudar-el-dialogo-inter-sirio-este-mes-de-mayo-segun-el-vocero-de-la-onu","status":"publish","type":"post","link":"https:\/\/archive.sana.sy\/es\/?p=43306","title":{"rendered":"Canciller\u00eda rusa: el Grupo Internacional de Apoya a Siria (GIAS) se reunir\u00e1 el 17 de este mes"},"content":{"rendered":"<p style=\"text-align: justify\"><span style=\"color: #800000\">Mosc\u00fa, SANA<\/span>&#8211; El Ministerio de Asuntos Exteriores de Rusia anunci\u00f3 el martes que el Grupo Internacional de Apoya a Siria (GIAS) se reunir\u00e1 en el d\u00eda 17 de este mes de mayo en Viena para discutir la crisis en Siria.<\/p>\n<p style=\"text-align: justify\">La portavoz del ministerio Maria Zaj\u00e1rova dijo a la agencia francesa de noticias AFP, que el ministro de Exteriores ruso, Sergei Lavrov, tiene la intenci\u00f3n de participar en la reuni\u00f3n del grupo, que incluye a 17 pa\u00edses, que se celebrar\u00e1n en la capital austr\u00edaca la pr\u00f3xima semana.&#8221;<\/p>\n<p style=\"text-align: justify\">A su vez, asegur\u00f3 el Secretario de Estado, John Kerry, la celebraci\u00f3n de la reuni\u00f3n en la fecha fijada, diciendo que &#8220;el (GIAS) se reunir\u00e1 oficialmente para completar lo que empezamos con los rusos en relaci\u00f3n con este acuerdo &#8220;, a\u00f1adiendo que se espera la reanudaci\u00f3n del di\u00e1logo inter-sirio despu\u00e9s de la reuni\u00f3n.<\/p>\n<p style=\"text-align: justify\">Por su parte, El portavoz oficial de las Naciones Unidas Ahmad Fawzi, dijo que el enviado especial de la ONU para Siria, Staffan de Mistura espera que el di\u00e1logo inter-sirio se reanude en este mes de mayo en la ciudad de Ginebra.<\/p>\n<p style=\"text-align: justify\"><a href=\"http:\/\/www.sana.sy\/es\/?attachment_id=43327\" rel=\"attachment wp-att-43327\"><img loading=\"lazy\" decoding=\"async\" class=\"alignnone size-medium wp-image-43327\" src=\"http:\/\/www.sana.sy\/es\/wp-content\/uploads\/2016\/05\/1-294-1-1-300x160.jpg\" alt=\"FAWZI\" width=\"300\" height=\"160\" srcset=\"https:\/\/archive.sana.sy\/es\/wp-content\/uploads\/2016\/05\/1-294-1-1-300x160.jpg 300w, https:\/\/archive.sana.sy\/es\/wp-content\/uploads\/2016\/05\/1-294-1-1-150x80.jpg 150w, https:\/\/archive.sana.sy\/es\/wp-content\/uploads\/2016\/05\/1-294-1-1-310x165.jpg 310w, https:\/\/archive.sana.sy\/es\/wp-content\/uploads\/2016\/05\/1-294-1-1.jpg 620w\" sizes=\"(max-width: 300px) 100vw, 300px\" \/><\/a><\/p>\n<p style=\"text-align: justify\">\u201cSe espera celebrar una reuni\u00f3n del Grupo Internacional de Apoyo a Siria (GIAS) el 17 de mayo, la cual es un signo positivo,\u201d dijo Fawzi.<\/p>\n<p style=\"text-align: justify\">Fawzi a\u00f1adi\u00f3 que\u201d la declaraci\u00f3n conjunta ruso-estadounidense publicada el 9 de mayo, es una nueva evoluci\u00f3n positiva de los acontecimientos\u201d, se\u00f1alando que esto aumenta la esperanza de de Mistura para la reanudaci\u00f3n del di\u00e1logo inter-sirio.<\/p>\n<p style=\"text-align: justify\">El vocero de la ONU aclar\u00f3 que a\u00fan no se ha fijado una fecha determinada para la reanudaci\u00f3n de las conversaciones, afirmando que de Mistura est\u00e1 trabajando duro con Rusia, los EE.UU. y otros miembros del GIAS para reforzar el cese de hostilidades en Siria.<\/p>\n<p style=\"text-align: justify\">Rusia y los EE.UU. confirmaron en un comunicado conjunto publicado el lunes su apoyo al acuerdo de cese de hostilidades en Siria y a los esfuerzos para alcanzar una soluci\u00f3n pol\u00edtica a la crisis el pa\u00eds.<\/p>\n<p>M.Miri<\/p>\n","protected":false},"excerpt":{"rendered":"<p>Mosc\u00fa, SANA&#8211; El Ministerio de Asuntos Exteriores de Rusia anunci\u00f3 el martes que el Grupo Internacional de Apoya a Siria (GIAS) se reunir\u00e1 en el d\u00eda 17 de este mes de mayo en Viena para discutir la crisis en Siria. La portavoz del ministerio Maria Zaj\u00e1rova dijo a la agencia francesa de noticias AFP, que &hellip;<\/p>\n","protected":false},"author":1,"featured_media":43328,"comment_status":"closed","ping_status":"closed","sticky":false,"template":"","format":"standard","meta":{"footnotes":""},"categories":[467,7541],"tags":[8594,8595],"class_list":["post-43306","post","type-post","status-publish","format-standard","has-post-thumbnail","","category-siria-y-el-mundo","category-ultimas-noticias","tag-fawzi","tag-onuy"],"_links":{"self":[{"href":"https:\/\/archive.sana.sy\/es\/index.php?rest_route=\/wp\/v2\/posts\/43306"}],"collection":[{"href":"https:\/\/archive.sana.sy\/es\/index.php?rest_route=\/wp\/v2\/posts"}],"about":[{"href":"https:\/\/archive.sana.sy\/es\/index.php?rest_route=\/wp\/v2\/types\/post"}],"author":[{"embeddable":true,"href":"https:\/\/archive.sana.sy\/es\/index.php?rest_route=\/wp\/v2\/users\/1"}],"replies":[{"embeddable":true,"href":"https:\/\/archive.sana.sy\/es\/index.php?rest_route=%2Fwp%2Fv2%2Fcomments&post=43306"}],"version-history":[{"count":0,"href":"https:\/\/archive.sana.sy\/es\/index.php?rest_route=\/wp\/v2\/posts\/43306\/revisions"}],"wp:featuredmedia":[{"embeddable":true,"href":"https:\/\/archive.sana.sy\/es\/index.php?rest_route=\/wp\/v2\/media\/43328"}],"wp:attachment":[{"href":"https:\/\/archive.sana.sy\/es\/index.php?rest_route=%2Fwp%2Fv2%2Fmedia&parent=43306"}],"wp:term":[{"taxonomy":"category","embeddable":true,"href":"https:\/\/archive.sana.sy\/es\/index.php?rest_route=%2Fwp%2Fv2%2Fcategories&post=43306"},{"taxonomy":"post_tag","embeddable":true,"href":"https:\/\/archive.sana.sy\/es\/index.php?rest_route=%2Fwp%2Fv2%2Ftags&post=43306"}],"curies":[{"name":"wp","href":"https:\/\/api.w.org\/{rel}","templated":true}]}}