{"id":43315,"date":"2016-05-10T19:11:03","date_gmt":"2016-05-10T16:11:03","guid":{"rendered":"http:\/\/www.sana.sy\/es\/?p=43315"},"modified":"2016-05-10T20:21:53","modified_gmt":"2016-05-10T17:21:53","slug":"una-explosion-sacude-la-ciudad-turca-de-diyarbakir","status":"publish","type":"post","link":"https:\/\/archive.sana.sy\/es\/?p=43315","title":{"rendered":"Una explosi\u00f3n sacude la ciudad turca de Diyarbakir"},"content":{"rendered":"<p style=\"text-align: justify\"><span style=\"color: #800000\">Ankara, SANA<\/span>&#8211; Al menos 3 personas perdieron la vida y otras 45\u00a0 \u00a0resultaron heridas tras una violenta explosi\u00f3n en el centro de la ciudad turca de Diyarbakir, seg\u00fan inform\u00f3 la agencia Reuters.<\/p>\n<p style=\"text-align: justify\">El supuesto objetivo de la explosi\u00f3n podr\u00eda ser un veh\u00edculo en el que viajaban agentes de Polic\u00eda. Todos los heridos son agentes de Polic\u00eda. Se informa tambi\u00e9n de que el ataque se ha perpetrado con un coche bomba.<\/p>\n<p style=\"text-align: justify\">La explosi\u00f3n tuvo lugar a las 14.30 GMT y se escuch\u00f3 en toda la ciudad. Al lugar del ataque ya han acudido varias ambulancias.<\/p>\n<p style=\"text-align: justify\">Anteriormente dos polic\u00edas turcos murieron y otro result\u00f3 herido durante un intento para desmantelar una bomba en la ciudad de Van al sureste de Turqu\u00eda.<\/p>\n<p style=\"text-align: justify\">Cabe mencionar que seis de polic\u00edas turcos murieron y otros 23 resultaron heridos a finales del pasado mes de marzo por una explosi\u00f3n de un coche bomba contra un veh\u00edculo de la polic\u00eda cerca de una estaci\u00f3n de autobuses en Diyarbakir.<\/p>\n<p>M.Miri<\/p>\n","protected":false},"excerpt":{"rendered":"<p>Ankara, SANA&#8211; Al menos 3 personas perdieron la vida y otras 45\u00a0 \u00a0resultaron heridas tras una violenta explosi\u00f3n en el centro de la ciudad turca de Diyarbakir, seg\u00fan inform\u00f3 la agencia Reuters. El supuesto objetivo de la explosi\u00f3n podr\u00eda ser un veh\u00edculo en el que viajaban agentes de Polic\u00eda. Todos los heridos son agentes de &hellip;<\/p>\n","protected":false},"author":1,"featured_media":43316,"comment_status":"closed","ping_status":"closed","sticky":false,"template":"","format":"standard","meta":{"footnotes":""},"categories":[456,457],"tags":[8597,7512],"class_list":["post-43315","post","type-post","status-publish","format-standard","has-post-thumbnail","","category-arabe-internacional-politica","category-noticias-arabe-internacional-politica","tag-atentado","tag-turquia"],"_links":{"self":[{"href":"https:\/\/archive.sana.sy\/es\/index.php?rest_route=\/wp\/v2\/posts\/43315"}],"collection":[{"href":"https:\/\/archive.sana.sy\/es\/index.php?rest_route=\/wp\/v2\/posts"}],"about":[{"href":"https:\/\/archive.sana.sy\/es\/index.php?rest_route=\/wp\/v2\/types\/post"}],"author":[{"embeddable":true,"href":"https:\/\/archive.sana.sy\/es\/index.php?rest_route=\/wp\/v2\/users\/1"}],"replies":[{"embeddable":true,"href":"https:\/\/archive.sana.sy\/es\/index.php?rest_route=%2Fwp%2Fv2%2Fcomments&post=43315"}],"version-history":[{"count":0,"href":"https:\/\/archive.sana.sy\/es\/index.php?rest_route=\/wp\/v2\/posts\/43315\/revisions"}],"wp:featuredmedia":[{"embeddable":true,"href":"https:\/\/archive.sana.sy\/es\/index.php?rest_route=\/wp\/v2\/media\/43316"}],"wp:attachment":[{"href":"https:\/\/archive.sana.sy\/es\/index.php?rest_route=%2Fwp%2Fv2%2Fmedia&parent=43315"}],"wp:term":[{"taxonomy":"category","embeddable":true,"href":"https:\/\/archive.sana.sy\/es\/index.php?rest_route=%2Fwp%2Fv2%2Fcategories&post=43315"},{"taxonomy":"post_tag","embeddable":true,"href":"https:\/\/archive.sana.sy\/es\/index.php?rest_route=%2Fwp%2Fv2%2Ftags&post=43315"}],"curies":[{"name":"wp","href":"https:\/\/api.w.org\/{rel}","templated":true}]}}