{"id":4333,"date":"2014-07-08T23:00:16","date_gmt":"2014-07-08T20:00:16","guid":{"rendered":"http:\/\/www.sana.sy\/es\/?p=4333"},"modified":"2014-07-08T22:50:34","modified_gmt":"2014-07-08T19:50:34","slug":"danos-materiales-en-un-edificio-residencial-en-yaramana-a-causa-de-un-atentado-terrorista","status":"publish","type":"post","link":"https:\/\/archive.sana.sy\/es\/?p=4333","title":{"rendered":"Da\u00f1os materiales en un edificio residencial en Yaramana a causa de un atentado terrorista"},"content":{"rendered":"<p style=\"text-align: justify\"><span style=\"color: #800000\"><strong>Damasco Campo, SANA<\/strong><\/span><\/p>\n<p style=\"text-align: justify\"><strong>Un atentado terrorista por dos proyectiles de morteros contra Yaramana en el campo de Damasco, causaron da<\/strong><strong>\u00f1<\/strong><strong>os materiales en un edificio residencial.<\/strong><\/p>\n<p style=\"text-align: justify\"><strong>Una fuente en el mando de polic<\/strong><strong>\u00ed<\/strong><strong>a le confirm<\/strong><strong>\u00f3<\/strong><strong> al reportero de SANA que Dos obuses de morteros lanzados por terroristas cayeron en la Calle de las Escuelas en la ciudad de Yaramana, uno de ellos caus<\/strong><strong>\u00f3<\/strong><strong> da<\/strong><strong>\u00f1<\/strong><strong>os materiales a un edificio residencial sin la ca<\/strong><strong>\u00ed<\/strong><strong>da de v<\/strong><strong>\u00ed<\/strong><strong>ctimas humanas.<\/strong><\/p>\n<p style=\"text-align: justify\"><span style=\"color: #0000ff\"><strong>Ghifar Al<\/strong><\/span><\/p>\n<p style=\"text-align: justify\"><strong>\u00a0<\/strong><\/p>\n<p style=\"text-align: justify\"><strong>\u00a0\u00a0<\/strong><\/p>\n","protected":false},"excerpt":{"rendered":"<p>Damasco Campo, SANA Un atentado terrorista por dos proyectiles de morteros contra Yaramana en el campo de Damasco, causaron da\u00f1os materiales en un edificio residencial. Una fuente en el mando de polic\u00eda le confirm\u00f3 al reportero de SANA que Dos obuses de morteros lanzados por terroristas cayeron en la Calle de las Escuelas en la &hellip;<\/p>\n","protected":false},"author":1,"featured_media":4263,"comment_status":"closed","ping_status":"closed","sticky":false,"template":"","format":"standard","meta":{"footnotes":""},"categories":[597,573],"tags":[994],"class_list":["post-4333","post","type-post","status-publish","format-standard","has-post-thumbnail","","category-cinta-de-noticias","category-la-realidad-de-los-acontecimientos-en-siria","tag-danos-materiales-en-un-edificio-residencial-en-yaramana-a-causa-de-un-atentado-terrorista"],"_links":{"self":[{"href":"https:\/\/archive.sana.sy\/es\/index.php?rest_route=\/wp\/v2\/posts\/4333"}],"collection":[{"href":"https:\/\/archive.sana.sy\/es\/index.php?rest_route=\/wp\/v2\/posts"}],"about":[{"href":"https:\/\/archive.sana.sy\/es\/index.php?rest_route=\/wp\/v2\/types\/post"}],"author":[{"embeddable":true,"href":"https:\/\/archive.sana.sy\/es\/index.php?rest_route=\/wp\/v2\/users\/1"}],"replies":[{"embeddable":true,"href":"https:\/\/archive.sana.sy\/es\/index.php?rest_route=%2Fwp%2Fv2%2Fcomments&post=4333"}],"version-history":[{"count":0,"href":"https:\/\/archive.sana.sy\/es\/index.php?rest_route=\/wp\/v2\/posts\/4333\/revisions"}],"wp:featuredmedia":[{"embeddable":true,"href":"https:\/\/archive.sana.sy\/es\/index.php?rest_route=\/wp\/v2\/media\/4263"}],"wp:attachment":[{"href":"https:\/\/archive.sana.sy\/es\/index.php?rest_route=%2Fwp%2Fv2%2Fmedia&parent=4333"}],"wp:term":[{"taxonomy":"category","embeddable":true,"href":"https:\/\/archive.sana.sy\/es\/index.php?rest_route=%2Fwp%2Fv2%2Fcategories&post=4333"},{"taxonomy":"post_tag","embeddable":true,"href":"https:\/\/archive.sana.sy\/es\/index.php?rest_route=%2Fwp%2Fv2%2Ftags&post=4333"}],"curies":[{"name":"wp","href":"https:\/\/api.w.org\/{rel}","templated":true}]}}