{"id":43331,"date":"2016-05-10T20:41:28","date_gmt":"2016-05-10T17:41:28","guid":{"rendered":"http:\/\/www.sana.sy\/es\/?p=43331"},"modified":"2016-05-10T20:41:28","modified_gmt":"2016-05-10T17:41:28","slug":"mufti-hassoun-se-reune-con-funcionarios-del-partido-comunista-de-espana-y-del-partido-socialista-unificado-de-cataluna","status":"publish","type":"post","link":"https:\/\/archive.sana.sy\/es\/?p=43331","title":{"rendered":"Mufti Hassoun se re\u00fane con funcionarios del Partido Comunista de Espa\u00f1a y del Partido Socialista Unificado de Catalu\u00f1a"},"content":{"rendered":"<p style=\"text-align: justify\"><span style=\"color: #800000\">Damasco, SANA<\/span>&#8211; El Gran Mufti de la Rep\u00fablica Ahmad Badreddin Hassoun, explic\u00f3 que Siria est\u00e1 luchando contra el terrorismo y el extremismo en nombre de Europa y de todo el mundo.<\/p>\n<p style=\"text-align: justify\">Sus comentarios se produjeron durante una reuni\u00f3n con el miembro del Comit\u00e9 Ejecutivo y del Comit\u00e9 de Relaciones Internacionales del Partido Comunista de Espa\u00f1a Francisco Frutos Gras y con el miembro del Comit\u00e9 Central del Partido Socialista Unificado de Catalu\u00f1a Edward Guerrero.<\/p>\n<p style=\"text-align: justify\">Hassoun llam\u00f3 a detener el apoyo a los terroristas proporcionadas por los EE.UU., Europa, Turqu\u00eda, Arabia Saud\u00ed y Qatar y cesar la interferencia en los asuntos internos de Siria.<\/p>\n<p style=\"text-align: justify\"><a href=\"http:\/\/www.sana.sy\/es\/?attachment_id=43333\" rel=\"attachment wp-att-43333\"><img loading=\"lazy\" decoding=\"async\" class=\"alignnone size-medium wp-image-43333\" src=\"http:\/\/www.sana.sy\/es\/wp-content\/uploads\/2016\/05\/hassoun-2-300x218.jpg\" alt=\"hassoun 2\" width=\"300\" height=\"218\" srcset=\"https:\/\/archive.sana.sy\/es\/wp-content\/uploads\/2016\/05\/hassoun-2.jpg 300w, https:\/\/archive.sana.sy\/es\/wp-content\/uploads\/2016\/05\/hassoun-2-150x109.jpg 150w\" sizes=\"(max-width: 300px) 100vw, 300px\" \/><\/a><\/p>\n<p style=\"text-align: justify\">Por su parte, Gras y Guerrero expresaron su convicci\u00f3n de que Siria se enfrenta a un feroz ataque terrorista, se\u00f1alando que participaron en una serie de eventos realizados en Espa\u00f1a en solidaridad con Siria.<\/p>\n<p style=\"text-align: justify\">Los dos visitantes aseguraron que van a transmitir la imagen real de los acontecimientos en Siria a los espa\u00f1oles para que la opini\u00f3n publica de Espa\u00f1a descubra la falsificaci\u00f3n de los medios occidentales sobre lo que est\u00e1 pasando en este pa\u00eds.<\/p>\n<p style=\"text-align: justify\">Gras y Guerrero tambi\u00e9n expresaron su disposici\u00f3n a hacer todo lo posible para exponer las mentiras de los medios occidentales inventadas sobre Siria y continuar trabajando para restablecer las relaciones normales entre ambos pueblos.<\/p>\n<p>M.Miri<\/p>\n","protected":false},"excerpt":{"rendered":"<p>Damasco, SANA&#8211; El Gran Mufti de la Rep\u00fablica Ahmad Badreddin Hassoun, explic\u00f3 que Siria est\u00e1 luchando contra el terrorismo y el extremismo en nombre de Europa y de todo el mundo. Sus comentarios se produjeron durante una reuni\u00f3n con el miembro del Comit\u00e9 Ejecutivo y del Comit\u00e9 de Relaciones Internacionales del Partido Comunista de Espa\u00f1a &hellip;<\/p>\n","protected":false},"author":1,"featured_media":43332,"comment_status":"closed","ping_status":"closed","sticky":false,"template":"","format":"standard","meta":{"footnotes":""},"categories":[477,476],"tags":[8599],"class_list":["post-43331","post","type-post","status-publish","format-standard","has-post-thumbnail","","category-noticias-edulcorantes","category-locales","tag-espana"],"_links":{"self":[{"href":"https:\/\/archive.sana.sy\/es\/index.php?rest_route=\/wp\/v2\/posts\/43331"}],"collection":[{"href":"https:\/\/archive.sana.sy\/es\/index.php?rest_route=\/wp\/v2\/posts"}],"about":[{"href":"https:\/\/archive.sana.sy\/es\/index.php?rest_route=\/wp\/v2\/types\/post"}],"author":[{"embeddable":true,"href":"https:\/\/archive.sana.sy\/es\/index.php?rest_route=\/wp\/v2\/users\/1"}],"replies":[{"embeddable":true,"href":"https:\/\/archive.sana.sy\/es\/index.php?rest_route=%2Fwp%2Fv2%2Fcomments&post=43331"}],"version-history":[{"count":0,"href":"https:\/\/archive.sana.sy\/es\/index.php?rest_route=\/wp\/v2\/posts\/43331\/revisions"}],"wp:featuredmedia":[{"embeddable":true,"href":"https:\/\/archive.sana.sy\/es\/index.php?rest_route=\/wp\/v2\/media\/43332"}],"wp:attachment":[{"href":"https:\/\/archive.sana.sy\/es\/index.php?rest_route=%2Fwp%2Fv2%2Fmedia&parent=43331"}],"wp:term":[{"taxonomy":"category","embeddable":true,"href":"https:\/\/archive.sana.sy\/es\/index.php?rest_route=%2Fwp%2Fv2%2Fcategories&post=43331"},{"taxonomy":"post_tag","embeddable":true,"href":"https:\/\/archive.sana.sy\/es\/index.php?rest_route=%2Fwp%2Fv2%2Ftags&post=43331"}],"curies":[{"name":"wp","href":"https:\/\/api.w.org\/{rel}","templated":true}]}}