{"id":43354,"date":"2016-05-11T17:15:08","date_gmt":"2016-05-11T14:15:08","guid":{"rendered":"http:\/\/www.sana.sy\/es\/?p=43354"},"modified":"2016-05-11T19:33:35","modified_gmt":"2016-05-11T16:33:35","slug":"primer-ministro-inaugura-el-hospital-nacional-de-qatana","status":"publish","type":"post","link":"https:\/\/archive.sana.sy\/es\/?p=43354","title":{"rendered":"Primer ministro inaugura el Hospital Nacional de Qatana"},"content":{"rendered":"<p><span style=\"color: #800000\">Damasco, SANA<\/span><\/p>\n<p style=\"text-align: justify\">Cumpliendo las directivas del presidente Bashar al Assad, el Presidente del Gobierno, Wael al Halaqui, inaugur\u00f3 este mi\u00e9rcoles al Hospital Nacional de Qatana.<\/p>\n<p style=\"text-align: justify\">El hospital inaugurado fueron construido en la ciudad de Qatana al sur de Damasco, a un costo de dos mil millones de libras sirias.<\/p>\n<p style=\"text-align: justify\">En declaraciones a la prensa tras el acto de inauguraci\u00f3n, el primer ministro destac\u00f3 que este proyecto va en el marco de los constantes esfuerzos desempe\u00f1ados por el gobierno para garantizar la recuperaci\u00f3n del sector de salud en Siria cuya infraestructura y personal han sufrido de sistematizados actos terroristas.<\/p>\n<p style=\"text-align: justify\">Asimismo hizo alusi\u00f3n a los proyectos del gobierno en materia de reavivar el sector sanitario en Siria, los cuales incluyen la rehabilitaci\u00f3n de los centros de salud y hospitales afectados, la reconstrucci\u00f3n de nuevos centros y policl\u00ednicas, as\u00ed como el desarrollo de la industria farmac\u00e9utica.<\/p>\n<p style=\"text-align: justify\">Al-Halaqui ha sido acompa\u00f1ado por el viceprimer ministro para Asuntos de Servicio, ministro de Administraci\u00f3n Local, Omar Ghalawanyi, y el ministro de Obras P\u00fablicas.<\/p>\n<div id='gallery-1' class='gallery galleryid-43354 gallery-columns-3 gallery-size-thumbnail'><figure class='gallery-item'>\n\t\t\t<div class='gallery-icon landscape'>\n\t\t\t\t<a href='https:\/\/archive.sana.sy\/es\/wp-content\/uploads\/2016\/05\/hospital-de-Qatana.jpg'><img loading=\"lazy\" decoding=\"async\" width=\"150\" height=\"84\" src=\"https:\/\/archive.sana.sy\/es\/wp-content\/uploads\/2016\/05\/hospital-de-Qatana-150x84.jpg\" class=\"attachment-thumbnail size-thumbnail\" alt=\"\" srcset=\"https:\/\/archive.sana.sy\/es\/wp-content\/uploads\/2016\/05\/hospital-de-Qatana-150x84.jpg 150w, https:\/\/archive.sana.sy\/es\/wp-content\/uploads\/2016\/05\/hospital-de-Qatana-300x169.jpg 300w, https:\/\/archive.sana.sy\/es\/wp-content\/uploads\/2016\/05\/hospital-de-Qatana.jpg 500w\" sizes=\"(max-width: 150px) 100vw, 150px\" \/><\/a>\n\t\t\t<\/div><\/figure><figure class='gallery-item'>\n\t\t\t<div class='gallery-icon landscape'>\n\t\t\t\t<a href='https:\/\/archive.sana.sy\/es\/wp-content\/uploads\/2016\/05\/primer-ministro-inaugura-hospital-de-Qatana-1.jpg'><img loading=\"lazy\" decoding=\"async\" width=\"150\" height=\"100\" src=\"https:\/\/archive.sana.sy\/es\/wp-content\/uploads\/2016\/05\/primer-ministro-inaugura-hospital-de-Qatana-1-150x100.jpg\" class=\"attachment-thumbnail size-thumbnail\" alt=\"\" srcset=\"https:\/\/archive.sana.sy\/es\/wp-content\/uploads\/2016\/05\/primer-ministro-inaugura-hospital-de-Qatana-1-150x100.jpg 150w, https:\/\/archive.sana.sy\/es\/wp-content\/uploads\/2016\/05\/primer-ministro-inaugura-hospital-de-Qatana-1-300x200.jpg 300w, https:\/\/archive.sana.sy\/es\/wp-content\/uploads\/2016\/05\/primer-ministro-inaugura-hospital-de-Qatana-1-310x205.jpg 310w, https:\/\/archive.sana.sy\/es\/wp-content\/uploads\/2016\/05\/primer-ministro-inaugura-hospital-de-Qatana-1.jpg 500w\" sizes=\"(max-width: 150px) 100vw, 150px\" \/><\/a>\n\t\t\t<\/div><\/figure><figure class='gallery-item'>\n\t\t\t<div class='gallery-icon landscape'>\n\t\t\t\t<a href='https:\/\/archive.sana.sy\/es\/wp-content\/uploads\/2016\/05\/hospital-de-Qatana-1.jpg'><img loading=\"lazy\" decoding=\"async\" width=\"150\" height=\"100\" src=\"https:\/\/archive.sana.sy\/es\/wp-content\/uploads\/2016\/05\/hospital-de-Qatana-1-150x100.jpg\" class=\"attachment-thumbnail size-thumbnail\" alt=\"\" srcset=\"https:\/\/archive.sana.sy\/es\/wp-content\/uploads\/2016\/05\/hospital-de-Qatana-1-150x100.jpg 150w, https:\/\/archive.sana.sy\/es\/wp-content\/uploads\/2016\/05\/hospital-de-Qatana-1-300x200.jpg 300w, https:\/\/archive.sana.sy\/es\/wp-content\/uploads\/2016\/05\/hospital-de-Qatana-1-310x205.jpg 310w, https:\/\/archive.sana.sy\/es\/wp-content\/uploads\/2016\/05\/hospital-de-Qatana-1.jpg 500w\" sizes=\"(max-width: 150px) 100vw, 150px\" \/><\/a>\n\t\t\t<\/div><\/figure><figure class='gallery-item'>\n\t\t\t<div class='gallery-icon landscape'>\n\t\t\t\t<a href='https:\/\/archive.sana.sy\/es\/wp-content\/uploads\/2016\/05\/hospital-de-Qatana-2.jpg'><img loading=\"lazy\" decoding=\"async\" width=\"150\" height=\"100\" src=\"https:\/\/archive.sana.sy\/es\/wp-content\/uploads\/2016\/05\/hospital-de-Qatana-2-150x100.jpg\" class=\"attachment-thumbnail size-thumbnail\" alt=\"\" srcset=\"https:\/\/archive.sana.sy\/es\/wp-content\/uploads\/2016\/05\/hospital-de-Qatana-2-150x100.jpg 150w, https:\/\/archive.sana.sy\/es\/wp-content\/uploads\/2016\/05\/hospital-de-Qatana-2-300x200.jpg 300w, https:\/\/archive.sana.sy\/es\/wp-content\/uploads\/2016\/05\/hospital-de-Qatana-2-310x205.jpg 310w, https:\/\/archive.sana.sy\/es\/wp-content\/uploads\/2016\/05\/hospital-de-Qatana-2.jpg 500w\" sizes=\"(max-width: 150px) 100vw, 150px\" \/><\/a>\n\t\t\t<\/div><\/figure><figure class='gallery-item'>\n\t\t\t<div class='gallery-icon landscape'>\n\t\t\t\t<a href='https:\/\/archive.sana.sy\/es\/wp-content\/uploads\/2016\/05\/primer-ministro-inaugura-hospital-de-Qatana-2.jpg'><img loading=\"lazy\" decoding=\"async\" width=\"150\" height=\"106\" src=\"https:\/\/archive.sana.sy\/es\/wp-content\/uploads\/2016\/05\/primer-ministro-inaugura-hospital-de-Qatana-2-150x106.jpg\" class=\"attachment-thumbnail size-thumbnail\" alt=\"\" srcset=\"https:\/\/archive.sana.sy\/es\/wp-content\/uploads\/2016\/05\/primer-ministro-inaugura-hospital-de-Qatana-2-150x106.jpg 150w, https:\/\/archive.sana.sy\/es\/wp-content\/uploads\/2016\/05\/primer-ministro-inaugura-hospital-de-Qatana-2-300x211.jpg 300w, https:\/\/archive.sana.sy\/es\/wp-content\/uploads\/2016\/05\/primer-ministro-inaugura-hospital-de-Qatana-2.jpg 500w\" sizes=\"(max-width: 150px) 100vw, 150px\" \/><\/a>\n\t\t\t<\/div><\/figure><figure class='gallery-item'>\n\t\t\t<div class='gallery-icon landscape'>\n\t\t\t\t<a href='https:\/\/archive.sana.sy\/es\/wp-content\/uploads\/2016\/05\/primer-ministro-inaugura-hospital-de-Qatana-3.jpg'><img loading=\"lazy\" decoding=\"async\" width=\"150\" height=\"100\" src=\"https:\/\/archive.sana.sy\/es\/wp-content\/uploads\/2016\/05\/primer-ministro-inaugura-hospital-de-Qatana-3-150x100.jpg\" class=\"attachment-thumbnail size-thumbnail\" alt=\"\" srcset=\"https:\/\/archive.sana.sy\/es\/wp-content\/uploads\/2016\/05\/primer-ministro-inaugura-hospital-de-Qatana-3-150x100.jpg 150w, https:\/\/archive.sana.sy\/es\/wp-content\/uploads\/2016\/05\/primer-ministro-inaugura-hospital-de-Qatana-3-300x200.jpg 300w, https:\/\/archive.sana.sy\/es\/wp-content\/uploads\/2016\/05\/primer-ministro-inaugura-hospital-de-Qatana-3-310x205.jpg 310w, https:\/\/archive.sana.sy\/es\/wp-content\/uploads\/2016\/05\/primer-ministro-inaugura-hospital-de-Qatana-3.jpg 500w\" sizes=\"(max-width: 150px) 100vw, 150px\" \/><\/a>\n\t\t\t<\/div><\/figure>\n\t\t<\/div>\n\n<p>&nbsp;<\/p>\n<p>Fady M., Lynn A.<\/p>\n","protected":false},"excerpt":{"rendered":"<p>Damasco, SANA Cumpliendo las directivas del presidente Bashar al Assad, el Presidente del Gobierno, Wael al Halaqui, inaugur\u00f3 este mi\u00e9rcoles al Hospital Nacional de Qatana. El hospital inaugurado fueron construido en la ciudad de Qatana al sur de Damasco, a un costo de dos mil millones de libras sirias. En declaraciones a la prensa tras &hellip;<\/p>\n","protected":false},"author":24,"featured_media":43355,"comment_status":"closed","ping_status":"closed","sticky":false,"template":"","format":"standard","meta":{"footnotes":""},"categories":[477,597,476,583,7541],"tags":[],"class_list":["post-43354","post","type-post","status-publish","format-standard","has-post-thumbnail","","category-noticias-edulcorantes","category-cinta-de-noticias","category-locales","category-slide","category-ultimas-noticias"],"_links":{"self":[{"href":"https:\/\/archive.sana.sy\/es\/index.php?rest_route=\/wp\/v2\/posts\/43354"}],"collection":[{"href":"https:\/\/archive.sana.sy\/es\/index.php?rest_route=\/wp\/v2\/posts"}],"about":[{"href":"https:\/\/archive.sana.sy\/es\/index.php?rest_route=\/wp\/v2\/types\/post"}],"author":[{"embeddable":true,"href":"https:\/\/archive.sana.sy\/es\/index.php?rest_route=\/wp\/v2\/users\/24"}],"replies":[{"embeddable":true,"href":"https:\/\/archive.sana.sy\/es\/index.php?rest_route=%2Fwp%2Fv2%2Fcomments&post=43354"}],"version-history":[{"count":0,"href":"https:\/\/archive.sana.sy\/es\/index.php?rest_route=\/wp\/v2\/posts\/43354\/revisions"}],"wp:featuredmedia":[{"embeddable":true,"href":"https:\/\/archive.sana.sy\/es\/index.php?rest_route=\/wp\/v2\/media\/43355"}],"wp:attachment":[{"href":"https:\/\/archive.sana.sy\/es\/index.php?rest_route=%2Fwp%2Fv2%2Fmedia&parent=43354"}],"wp:term":[{"taxonomy":"category","embeddable":true,"href":"https:\/\/archive.sana.sy\/es\/index.php?rest_route=%2Fwp%2Fv2%2Fcategories&post=43354"},{"taxonomy":"post_tag","embeddable":true,"href":"https:\/\/archive.sana.sy\/es\/index.php?rest_route=%2Fwp%2Fv2%2Ftags&post=43354"}],"curies":[{"name":"wp","href":"https:\/\/api.w.org\/{rel}","templated":true}]}}